{"id":972,"date":"2015-02-26T19:09:34","date_gmt":"2015-02-26T19:09:34","guid":{"rendered":"http:\/\/parquedossonhos.net\/portal\/?p=972"},"modified":"2015-03-16T22:03:52","modified_gmt":"2015-03-16T22:03:52","slug":"torneio-de-volei-do-parque-dos-sonhos","status":"publish","type":"post","link":"https:\/\/parquedossonhos.net\/portal\/mais\/condominio\/torneio-de-volei-do-parque-dos-sonhos","title":{"rendered":"Moradores realizar\u00e3o o 1\u00ba Torneio de V\u00f4lei do Parque dos Sonhos"},"content":{"rendered":"<p>Parque dos Sonhos ter\u00e1 seu <span style=\"color: #3366ff;\">1\u00ba Torneio de V\u00f4lei<\/span>, \u00a0onde v\u00e1rios moradores se mobilizaram para o grande marco deste evento e deixaram claro que o intuito de todos \u00e9 <strong>confraterniza\u00e7\u00e3o<\/strong> e muita <strong>divers\u00e3o<\/strong>.<\/p>\n<p><img loading=\"lazy\" decoding=\"async\" class=\"  wp-image-968 aligncenter\" src=\"http:\/\/parquedossonhos.net\/portal\/wp-content\/uploads\/2014\/12\/TORNEIO-DE-VOLEI_PDS33_div-para-video.fw_1.png\" alt=\"TORNEIO DE VOLEI_PDS33_div-para video.fw\" width=\"300\" height=\"241\" \/><\/p>\n<p>Est\u00e1 programado para este torneio:<\/p>\n<ul>\n<li>Participa\u00e7\u00e3o de 8 Equipes de V\u00f4lei;<\/li>\n<li>Sorteio de brindes e servi\u00e7os dos patrocinadores do evento;<\/li>\n<li>Premia\u00e7\u00e3o\u00a0de medalhas e trof\u00e9us;<\/li>\n<li>e v\u00e1rias brincadeiras para crian\u00e7ada.<\/li>\n<\/ul>\n<p>Voc\u00ea morador do PDS, traga seus filhos, irm\u00e3os, tios e tias e participem deste grande evento onde todos os moradores est\u00e3o convidados, pois este torneio\u00a0\u00e9 <strong>100% Fam\u00edlia<\/strong>.<\/p>\n<p><strong>Data:<\/strong> 15\/03\/2015 das 08h \u00e0s 17h<\/p>\n<p><strong>Local:<\/strong> Quadra do Clube do Parque dos Sonhos<br \/>\n<strong>Inscri\u00e7\u00f5es para Jogadores:<\/strong> Encerradas<\/p>\n<p>Assista a v\u00eddeo da chamada para o Evento:<\/p>\n<p><iframe loading=\"lazy\" title=\"Chamada para o 1\u00ba Torneio de Volei do Parque dos Sonhos\" width=\"640\" height=\"360\" src=\"https:\/\/www.youtube.com\/embed\/3-Iv3x_1rKw?feature=oembed\" frameborder=\"0\" allow=\"accelerometer; autoplay; clipboard-write; encrypted-media; gyroscope; picture-in-picture; web-share\" referrerpolicy=\"strict-origin-when-cross-origin\" allowfullscreen><\/iframe><\/p>\n<p><strong>Organiza\u00e7\u00e3o:<\/strong> Fam\u00edlia V\u00f4lei PDS<\/p>\n<p><strong>Maiores informa\u00e7\u00f5es:\u00a0<\/strong><a href=\"mailto:contato@parquedossonhos.net\">contato@parquedossonhos.net<\/a><\/p>\n<p>&nbsp;<\/p>\n","protected":false},"excerpt":{"rendered":"<p>Parque dos Sonhos ter\u00e1 seu 1\u00ba Torneio de V\u00f4lei, \u00a0onde v\u00e1rios moradores se mobilizaram para o grande marco deste evento e deixaram claro que o intuito de todos \u00e9 confraterniza\u00e7\u00e3o e muita divers\u00e3o. Est\u00e1 programado para este torneio: Participa\u00e7\u00e3o de 8 Equipes de V\u00f4lei; Sorteio de brindes e servi\u00e7os dos patrocinadores do evento; Premia\u00e7\u00e3o\u00a0de medalhas [&hellip;]<\/p>\n","protected":false},"author":2,"featured_media":968,"comment_status":"closed","ping_status":"closed","sticky":false,"template":"","format":"gallery","meta":{"footnotes":""},"categories":[38],"tags":[],"class_list":["post-972","post","type-post","status-publish","format-gallery","has-post-thumbnail","hentry","category-condominio","post_format-post-format-gallery"],"yoast_head":"<!-- This site is optimized with the Yoast SEO plugin v27.4 - https:\/\/yoast.com\/product\/yoast-seo-wordpress\/ -->\n<title>Vem a\u00ed... 1\u00ba Torneio de V\u00f4lei do Parque dos Sonhos<\/title>\n<meta name=\"description\" content=\"Dia 15\/03\/2015 (Domingo) o Parque dos Sonhos ter\u00e1 seu 1\u00ba Torneio de V\u00f4lei, organizado por moradores onde o intuito de todos \u00e9 Confraterniza\u00e7\u00e3o e Divers\u00e3o.\" \/>\n<meta name=\"robots\" content=\"index, follow, max-snippet:-1, max-image-preview:large, max-video-preview:-1\" \/>\n<link rel=\"canonical\" href=\"https:\/\/parquedossonhos.net\/portal\/mais\/condominio\/torneio-de-volei-do-parque-dos-sonhos\" \/>\n<meta property=\"og:locale\" content=\"pt_BR\" \/>\n<meta property=\"og:type\" content=\"article\" \/>\n<meta property=\"og:title\" content=\"Vem a\u00ed... 1\u00ba Torneio de V\u00f4lei do Parque dos Sonhos\" \/>\n<meta property=\"og:description\" content=\"Dia 15\/03\/2015 (Domingo) o Parque dos Sonhos ter\u00e1 seu 1\u00ba Torneio de V\u00f4lei, organizado por moradores onde o intuito de todos \u00e9 Confraterniza\u00e7\u00e3o e Divers\u00e3o.\" \/>\n<meta property=\"og:url\" content=\"https:\/\/parquedossonhos.net\/portal\/mais\/condominio\/torneio-de-volei-do-parque-dos-sonhos\" \/>\n<meta property=\"og:site_name\" content=\"Portal Parque dos Sonhos\" \/>\n<meta property=\"article:publisher\" content=\"http:\/\/www.facebook.com\/ParqueDosSonhos.net\" \/>\n<meta property=\"article:published_time\" content=\"2015-02-26T19:09:34+00:00\" \/>\n<meta property=\"article:modified_time\" content=\"2015-03-16T22:03:52+00:00\" \/>\n<meta property=\"og:image\" content=\"https:\/\/parquedossonhos.net\/portal\/wp-content\/uploads\/2014\/12\/TORNEIO-DE-VOLEI_PDS33_div-para-video.fw_1-e1488564354414.png\" \/>\n\t<meta property=\"og:image:width\" content=\"700\" \/>\n\t<meta property=\"og:image:height\" content=\"564\" \/>\n\t<meta property=\"og:image:type\" content=\"image\/png\" \/>\n<meta name=\"author\" content=\"editor\" \/>\n<meta name=\"twitter:label1\" content=\"Escrito por\" \/>\n\t<meta name=\"twitter:data1\" content=\"editor\" \/>\n\t<meta name=\"twitter:label2\" content=\"Est. tempo de leitura\" \/>\n\t<meta name=\"twitter:data2\" content=\"1 minuto\" \/>\n<script type=\"application\/ld+json\" class=\"yoast-schema-graph\">{\"@context\":\"https:\\\/\\\/schema.org\",\"@graph\":[{\"@type\":\"Article\",\"@id\":\"https:\\\/\\\/parquedossonhos.net\\\/portal\\\/mais\\\/condominio\\\/torneio-de-volei-do-parque-dos-sonhos#article\",\"isPartOf\":{\"@id\":\"https:\\\/\\\/parquedossonhos.net\\\/portal\\\/mais\\\/condominio\\\/torneio-de-volei-do-parque-dos-sonhos\"},\"author\":{\"name\":\"editor\",\"@id\":\"https:\\\/\\\/parquedossonhos.net\\\/portal\\\/#\\\/schema\\\/person\\\/8ee6f32de5fe817db154ee6d93674bb9\"},\"headline\":\"Moradores realizar\u00e3o o 1\u00ba Torneio de V\u00f4lei do Parque dos Sonhos\",\"datePublished\":\"2015-02-26T19:09:34+00:00\",\"dateModified\":\"2015-03-16T22:03:52+00:00\",\"mainEntityOfPage\":{\"@id\":\"https:\\\/\\\/parquedossonhos.net\\\/portal\\\/mais\\\/condominio\\\/torneio-de-volei-do-parque-dos-sonhos\"},\"wordCount\":166,\"publisher\":{\"@id\":\"https:\\\/\\\/parquedossonhos.net\\\/portal\\\/#organization\"},\"image\":{\"@id\":\"https:\\\/\\\/parquedossonhos.net\\\/portal\\\/mais\\\/condominio\\\/torneio-de-volei-do-parque-dos-sonhos#primaryimage\"},\"thumbnailUrl\":\"https:\\\/\\\/parquedossonhos.net\\\/portal\\\/wp-content\\\/uploads\\\/2014\\\/12\\\/TORNEIO-DE-VOLEI_PDS33_div-para-video.fw_1-e1488564354414.png\",\"articleSection\":[\"Condom\u00ednio\"],\"inLanguage\":\"pt-BR\"},{\"@type\":\"WebPage\",\"@id\":\"https:\\\/\\\/parquedossonhos.net\\\/portal\\\/mais\\\/condominio\\\/torneio-de-volei-do-parque-dos-sonhos\",\"url\":\"https:\\\/\\\/parquedossonhos.net\\\/portal\\\/mais\\\/condominio\\\/torneio-de-volei-do-parque-dos-sonhos\",\"name\":\"Vem a\u00ed... 1\u00ba Torneio de V\u00f4lei do Parque dos Sonhos\",\"isPartOf\":{\"@id\":\"https:\\\/\\\/parquedossonhos.net\\\/portal\\\/#website\"},\"primaryImageOfPage\":{\"@id\":\"https:\\\/\\\/parquedossonhos.net\\\/portal\\\/mais\\\/condominio\\\/torneio-de-volei-do-parque-dos-sonhos#primaryimage\"},\"image\":{\"@id\":\"https:\\\/\\\/parquedossonhos.net\\\/portal\\\/mais\\\/condominio\\\/torneio-de-volei-do-parque-dos-sonhos#primaryimage\"},\"thumbnailUrl\":\"https:\\\/\\\/parquedossonhos.net\\\/portal\\\/wp-content\\\/uploads\\\/2014\\\/12\\\/TORNEIO-DE-VOLEI_PDS33_div-para-video.fw_1-e1488564354414.png\",\"datePublished\":\"2015-02-26T19:09:34+00:00\",\"dateModified\":\"2015-03-16T22:03:52+00:00\",\"description\":\"Dia 15\\\/03\\\/2015 (Domingo) o Parque dos Sonhos ter\u00e1 seu 1\u00ba Torneio de V\u00f4lei, organizado por moradores onde o intuito de todos \u00e9 Confraterniza\u00e7\u00e3o e Divers\u00e3o.\",\"breadcrumb\":{\"@id\":\"https:\\\/\\\/parquedossonhos.net\\\/portal\\\/mais\\\/condominio\\\/torneio-de-volei-do-parque-dos-sonhos#breadcrumb\"},\"inLanguage\":\"pt-BR\",\"potentialAction\":[{\"@type\":\"ReadAction\",\"target\":[\"https:\\\/\\\/parquedossonhos.net\\\/portal\\\/mais\\\/condominio\\\/torneio-de-volei-do-parque-dos-sonhos\"]}]},{\"@type\":\"ImageObject\",\"inLanguage\":\"pt-BR\",\"@id\":\"https:\\\/\\\/parquedossonhos.net\\\/portal\\\/mais\\\/condominio\\\/torneio-de-volei-do-parque-dos-sonhos#primaryimage\",\"url\":\"https:\\\/\\\/parquedossonhos.net\\\/portal\\\/wp-content\\\/uploads\\\/2014\\\/12\\\/TORNEIO-DE-VOLEI_PDS33_div-para-video.fw_1-e1488564354414.png\",\"contentUrl\":\"https:\\\/\\\/parquedossonhos.net\\\/portal\\\/wp-content\\\/uploads\\\/2014\\\/12\\\/TORNEIO-DE-VOLEI_PDS33_div-para-video.fw_1-e1488564354414.png\",\"width\":700,\"height\":564},{\"@type\":\"BreadcrumbList\",\"@id\":\"https:\\\/\\\/parquedossonhos.net\\\/portal\\\/mais\\\/condominio\\\/torneio-de-volei-do-parque-dos-sonhos#breadcrumb\",\"itemListElement\":[{\"@type\":\"ListItem\",\"position\":1,\"name\":\"In\u00edcio\",\"item\":\"https:\\\/\\\/parquedossonhos.net\\\/portal\\\/\"},{\"@type\":\"ListItem\",\"position\":2,\"name\":\"Moradores realizar\u00e3o o 1\u00ba Torneio de V\u00f4lei do Parque dos Sonhos\"}]},{\"@type\":\"WebSite\",\"@id\":\"https:\\\/\\\/parquedossonhos.net\\\/portal\\\/#website\",\"url\":\"https:\\\/\\\/parquedossonhos.net\\\/portal\\\/\",\"name\":\"Portal Parque dos Sonhos\",\"description\":\"Portal do Condom\u00ednio (Residencial) Parque dos Sonhos situado na rua Masato Sakai, 180 - Ferraz de Vasconcelos \u2013 SP\",\"publisher\":{\"@id\":\"https:\\\/\\\/parquedossonhos.net\\\/portal\\\/#organization\"},\"potentialAction\":[{\"@type\":\"SearchAction\",\"target\":{\"@type\":\"EntryPoint\",\"urlTemplate\":\"https:\\\/\\\/parquedossonhos.net\\\/portal\\\/?s={search_term_string}\"},\"query-input\":{\"@type\":\"PropertyValueSpecification\",\"valueRequired\":true,\"valueName\":\"search_term_string\"}}],\"inLanguage\":\"pt-BR\"},{\"@type\":\"Organization\",\"@id\":\"https:\\\/\\\/parquedossonhos.net\\\/portal\\\/#organization\",\"name\":\"Parque dos Sonhos\",\"url\":\"https:\\\/\\\/parquedossonhos.net\\\/portal\\\/\",\"logo\":{\"@type\":\"ImageObject\",\"inLanguage\":\"pt-BR\",\"@id\":\"https:\\\/\\\/parquedossonhos.net\\\/portal\\\/#\\\/schema\\\/logo\\\/image\\\/\",\"url\":\"http:\\\/\\\/parquedossonhos.net\\\/portal\\\/wp-content\\\/uploads\\\/2016\\\/09\\\/Abstract-Green-Tree-Vector-Illustration.jpg\",\"contentUrl\":\"http:\\\/\\\/parquedossonhos.net\\\/portal\\\/wp-content\\\/uploads\\\/2016\\\/09\\\/Abstract-Green-Tree-Vector-Illustration.jpg\",\"width\":794,\"height\":706,\"caption\":\"Parque dos Sonhos\"},\"image\":{\"@id\":\"https:\\\/\\\/parquedossonhos.net\\\/portal\\\/#\\\/schema\\\/logo\\\/image\\\/\"},\"sameAs\":[\"http:\\\/\\\/www.facebook.com\\\/ParqueDosSonhos.net\"]},{\"@type\":\"Person\",\"@id\":\"https:\\\/\\\/parquedossonhos.net\\\/portal\\\/#\\\/schema\\\/person\\\/8ee6f32de5fe817db154ee6d93674bb9\",\"name\":\"editor\",\"image\":{\"@type\":\"ImageObject\",\"inLanguage\":\"pt-BR\",\"@id\":\"https:\\\/\\\/secure.gravatar.com\\\/avatar\\\/c3584e8ae789498c6b92ef9162f3ba55bad378e65c8ca830c001eb29cb8ba9a2?s=96&d=mm&r=g\",\"url\":\"https:\\\/\\\/secure.gravatar.com\\\/avatar\\\/c3584e8ae789498c6b92ef9162f3ba55bad378e65c8ca830c001eb29cb8ba9a2?s=96&d=mm&r=g\",\"contentUrl\":\"https:\\\/\\\/secure.gravatar.com\\\/avatar\\\/c3584e8ae789498c6b92ef9162f3ba55bad378e65c8ca830c001eb29cb8ba9a2?s=96&d=mm&r=g\",\"caption\":\"editor\"},\"url\":\"https:\\\/\\\/parquedossonhos.net\\\/portal\\\/author\\\/editor\"}]}<\/script>\n<!-- \/ Yoast SEO plugin. -->","yoast_head_json":{"title":"Vem a\u00ed... 1\u00ba Torneio de V\u00f4lei do Parque dos Sonhos","description":"Dia 15\/03\/2015 (Domingo) o Parque dos Sonhos ter\u00e1 seu 1\u00ba Torneio de V\u00f4lei, organizado por moradores onde o intuito de todos \u00e9 Confraterniza\u00e7\u00e3o e Divers\u00e3o.","robots":{"index":"index","follow":"follow","max-snippet":"max-snippet:-1","max-image-preview":"max-image-preview:large","max-video-preview":"max-video-preview:-1"},"canonical":"https:\/\/parquedossonhos.net\/portal\/mais\/condominio\/torneio-de-volei-do-parque-dos-sonhos","og_locale":"pt_BR","og_type":"article","og_title":"Vem a\u00ed... 1\u00ba Torneio de V\u00f4lei do Parque dos Sonhos","og_description":"Dia 15\/03\/2015 (Domingo) o Parque dos Sonhos ter\u00e1 seu 1\u00ba Torneio de V\u00f4lei, organizado por moradores onde o intuito de todos \u00e9 Confraterniza\u00e7\u00e3o e Divers\u00e3o.","og_url":"https:\/\/parquedossonhos.net\/portal\/mais\/condominio\/torneio-de-volei-do-parque-dos-sonhos","og_site_name":"Portal Parque dos Sonhos","article_publisher":"http:\/\/www.facebook.com\/ParqueDosSonhos.net","article_published_time":"2015-02-26T19:09:34+00:00","article_modified_time":"2015-03-16T22:03:52+00:00","og_image":[{"width":700,"height":564,"url":"https:\/\/parquedossonhos.net\/portal\/wp-content\/uploads\/2014\/12\/TORNEIO-DE-VOLEI_PDS33_div-para-video.fw_1-e1488564354414.png","type":"image\/png"}],"author":"editor","twitter_misc":{"Escrito por":"editor","Est. tempo de leitura":"1 minuto"},"schema":{"@context":"https:\/\/schema.org","@graph":[{"@type":"Article","@id":"https:\/\/parquedossonhos.net\/portal\/mais\/condominio\/torneio-de-volei-do-parque-dos-sonhos#article","isPartOf":{"@id":"https:\/\/parquedossonhos.net\/portal\/mais\/condominio\/torneio-de-volei-do-parque-dos-sonhos"},"author":{"name":"editor","@id":"https:\/\/parquedossonhos.net\/portal\/#\/schema\/person\/8ee6f32de5fe817db154ee6d93674bb9"},"headline":"Moradores realizar\u00e3o o 1\u00ba Torneio de V\u00f4lei do Parque dos Sonhos","datePublished":"2015-02-26T19:09:34+00:00","dateModified":"2015-03-16T22:03:52+00:00","mainEntityOfPage":{"@id":"https:\/\/parquedossonhos.net\/portal\/mais\/condominio\/torneio-de-volei-do-parque-dos-sonhos"},"wordCount":166,"publisher":{"@id":"https:\/\/parquedossonhos.net\/portal\/#organization"},"image":{"@id":"https:\/\/parquedossonhos.net\/portal\/mais\/condominio\/torneio-de-volei-do-parque-dos-sonhos#primaryimage"},"thumbnailUrl":"https:\/\/parquedossonhos.net\/portal\/wp-content\/uploads\/2014\/12\/TORNEIO-DE-VOLEI_PDS33_div-para-video.fw_1-e1488564354414.png","articleSection":["Condom\u00ednio"],"inLanguage":"pt-BR"},{"@type":"WebPage","@id":"https:\/\/parquedossonhos.net\/portal\/mais\/condominio\/torneio-de-volei-do-parque-dos-sonhos","url":"https:\/\/parquedossonhos.net\/portal\/mais\/condominio\/torneio-de-volei-do-parque-dos-sonhos","name":"Vem a\u00ed... 1\u00ba Torneio de V\u00f4lei do Parque dos Sonhos","isPartOf":{"@id":"https:\/\/parquedossonhos.net\/portal\/#website"},"primaryImageOfPage":{"@id":"https:\/\/parquedossonhos.net\/portal\/mais\/condominio\/torneio-de-volei-do-parque-dos-sonhos#primaryimage"},"image":{"@id":"https:\/\/parquedossonhos.net\/portal\/mais\/condominio\/torneio-de-volei-do-parque-dos-sonhos#primaryimage"},"thumbnailUrl":"https:\/\/parquedossonhos.net\/portal\/wp-content\/uploads\/2014\/12\/TORNEIO-DE-VOLEI_PDS33_div-para-video.fw_1-e1488564354414.png","datePublished":"2015-02-26T19:09:34+00:00","dateModified":"2015-03-16T22:03:52+00:00","description":"Dia 15\/03\/2015 (Domingo) o Parque dos Sonhos ter\u00e1 seu 1\u00ba Torneio de V\u00f4lei, organizado por moradores onde o intuito de todos \u00e9 Confraterniza\u00e7\u00e3o e Divers\u00e3o.","breadcrumb":{"@id":"https:\/\/parquedossonhos.net\/portal\/mais\/condominio\/torneio-de-volei-do-parque-dos-sonhos#breadcrumb"},"inLanguage":"pt-BR","potentialAction":[{"@type":"ReadAction","target":["https:\/\/parquedossonhos.net\/portal\/mais\/condominio\/torneio-de-volei-do-parque-dos-sonhos"]}]},{"@type":"ImageObject","inLanguage":"pt-BR","@id":"https:\/\/parquedossonhos.net\/portal\/mais\/condominio\/torneio-de-volei-do-parque-dos-sonhos#primaryimage","url":"https:\/\/parquedossonhos.net\/portal\/wp-content\/uploads\/2014\/12\/TORNEIO-DE-VOLEI_PDS33_div-para-video.fw_1-e1488564354414.png","contentUrl":"https:\/\/parquedossonhos.net\/portal\/wp-content\/uploads\/2014\/12\/TORNEIO-DE-VOLEI_PDS33_div-para-video.fw_1-e1488564354414.png","width":700,"height":564},{"@type":"BreadcrumbList","@id":"https:\/\/parquedossonhos.net\/portal\/mais\/condominio\/torneio-de-volei-do-parque-dos-sonhos#breadcrumb","itemListElement":[{"@type":"ListItem","position":1,"name":"In\u00edcio","item":"https:\/\/parquedossonhos.net\/portal\/"},{"@type":"ListItem","position":2,"name":"Moradores realizar\u00e3o o 1\u00ba Torneio de V\u00f4lei do Parque dos Sonhos"}]},{"@type":"WebSite","@id":"https:\/\/parquedossonhos.net\/portal\/#website","url":"https:\/\/parquedossonhos.net\/portal\/","name":"Portal Parque dos Sonhos","description":"Portal do Condom\u00ednio (Residencial) Parque dos Sonhos situado na rua Masato Sakai, 180 - Ferraz de Vasconcelos \u2013 SP","publisher":{"@id":"https:\/\/parquedossonhos.net\/portal\/#organization"},"potentialAction":[{"@type":"SearchAction","target":{"@type":"EntryPoint","urlTemplate":"https:\/\/parquedossonhos.net\/portal\/?s={search_term_string}"},"query-input":{"@type":"PropertyValueSpecification","valueRequired":true,"valueName":"search_term_string"}}],"inLanguage":"pt-BR"},{"@type":"Organization","@id":"https:\/\/parquedossonhos.net\/portal\/#organization","name":"Parque dos Sonhos","url":"https:\/\/parquedossonhos.net\/portal\/","logo":{"@type":"ImageObject","inLanguage":"pt-BR","@id":"https:\/\/parquedossonhos.net\/portal\/#\/schema\/logo\/image\/","url":"http:\/\/parquedossonhos.net\/portal\/wp-content\/uploads\/2016\/09\/Abstract-Green-Tree-Vector-Illustration.jpg","contentUrl":"http:\/\/parquedossonhos.net\/portal\/wp-content\/uploads\/2016\/09\/Abstract-Green-Tree-Vector-Illustration.jpg","width":794,"height":706,"caption":"Parque dos Sonhos"},"image":{"@id":"https:\/\/parquedossonhos.net\/portal\/#\/schema\/logo\/image\/"},"sameAs":["http:\/\/www.facebook.com\/ParqueDosSonhos.net"]},{"@type":"Person","@id":"https:\/\/parquedossonhos.net\/portal\/#\/schema\/person\/8ee6f32de5fe817db154ee6d93674bb9","name":"editor","image":{"@type":"ImageObject","inLanguage":"pt-BR","@id":"https:\/\/secure.gravatar.com\/avatar\/c3584e8ae789498c6b92ef9162f3ba55bad378e65c8ca830c001eb29cb8ba9a2?s=96&d=mm&r=g","url":"https:\/\/secure.gravatar.com\/avatar\/c3584e8ae789498c6b92ef9162f3ba55bad378e65c8ca830c001eb29cb8ba9a2?s=96&d=mm&r=g","contentUrl":"https:\/\/secure.gravatar.com\/avatar\/c3584e8ae789498c6b92ef9162f3ba55bad378e65c8ca830c001eb29cb8ba9a2?s=96&d=mm&r=g","caption":"editor"},"url":"https:\/\/parquedossonhos.net\/portal\/author\/editor"}]}},"_links":{"self":[{"href":"https:\/\/parquedossonhos.net\/portal\/wp-json\/wp\/v2\/posts\/972","targetHints":{"allow":["GET"]}}],"collection":[{"href":"https:\/\/parquedossonhos.net\/portal\/wp-json\/wp\/v2\/posts"}],"about":[{"href":"https:\/\/parquedossonhos.net\/portal\/wp-json\/wp\/v2\/types\/post"}],"author":[{"embeddable":true,"href":"https:\/\/parquedossonhos.net\/portal\/wp-json\/wp\/v2\/users\/2"}],"replies":[{"embeddable":true,"href":"https:\/\/parquedossonhos.net\/portal\/wp-json\/wp\/v2\/comments?post=972"}],"version-history":[{"count":2,"href":"https:\/\/parquedossonhos.net\/portal\/wp-json\/wp\/v2\/posts\/972\/revisions"}],"predecessor-version":[{"id":1000,"href":"https:\/\/parquedossonhos.net\/portal\/wp-json\/wp\/v2\/posts\/972\/revisions\/1000"}],"wp:featuredmedia":[{"embeddable":true,"href":"https:\/\/parquedossonhos.net\/portal\/wp-json\/wp\/v2\/media\/968"}],"wp:attachment":[{"href":"https:\/\/parquedossonhos.net\/portal\/wp-json\/wp\/v2\/media?parent=972"}],"wp:term":[{"taxonomy":"category","embeddable":true,"href":"https:\/\/parquedossonhos.net\/portal\/wp-json\/wp\/v2\/categories?post=972"},{"taxonomy":"post_tag","embeddable":true,"href":"https:\/\/parquedossonhos.net\/portal\/wp-json\/wp\/v2\/tags?post=972"}],"curies":[{"name":"wp","href":"https:\/\/api.w.org\/{rel}","templated":true}]}}