{"id":845,"date":"2014-12-29T11:52:33","date_gmt":"2014-12-29T11:52:33","guid":{"rendered":"http:\/\/parquedossonhos.net\/portal\/?p=845"},"modified":"2015-06-20T02:46:14","modified_gmt":"2015-06-20T02:46:14","slug":"novas-regras-parque-dos-sonhos-apaso","status":"publish","type":"post","link":"https:\/\/parquedossonhos.net\/portal\/mais\/condominio\/novas-regras-parque-dos-sonhos-apaso","title":{"rendered":"Novas regras no Parque dos Sonhos &#8211; Apaso"},"content":{"rendered":"<p>Conforme Ata da Assembl\u00e9ia deliberada em 07\/11\/2014 com a Diretoria da Apaso e S\u00edndicos, foi acordado a novas regras:<\/p>\n<h6>Vagas de carros nas ruas principais do condom\u00ednio<\/h6>\n<p>Ser\u00e1 disponibilizado para todos os visitantes crach\u00e1s com o numero das vagas, que dever\u00e1 ser entregue na sa\u00edda, caso o visitante n\u00e3o entregue, o mesmo ser\u00e1 cobrado da unidade respons\u00e1vel pela visita, no caso de uso do sal\u00e3o de festas e churrasqueiras o morador devera deixar a lista com o nome de seus convidados na portaria, no caso de pernoite somente com autoriza\u00e7\u00e3o da presidencial. Prazo para adapta\u00e7\u00e3o e conclus\u00e3o da obra de 60 dias.<\/p>\n<p>Somente ser\u00e1 permitida a entrada ve\u00edculos de visitantes que dever\u00e3o estacionar nas vagas devidamente demarcadas, os moradores que possuem dois ou mais ve\u00edculos dever\u00e3o alugar vagas.<\/p>\n<p>Segue a delimita\u00e7\u00e3o de n\u00famero de vagas demarcadas:<\/p>\n<table border=\"1\" width=\"571\">\n<tbody>\n<tr>\n<td width=\"148\">\n<p style=\"text-align: center;\"><strong>N\u00famero de Vagas<\/strong><\/p>\n<\/td>\n<td style=\"text-align: center;\" width=\"423\"><strong>Destino<\/strong><\/td>\n<\/tr>\n<tr>\n<td width=\"148\">\n<p style=\"text-align: center;\">10<\/p>\n<\/td>\n<td width=\"423\">\n<p style=\"text-align: center;\">Sal\u00e3o de Festas &#8211; Fase 1<\/p>\n<\/td>\n<\/tr>\n<tr>\n<td style=\"text-align: center;\" width=\"148\">\n<p style=\"text-align: center;\">7<\/p>\n<\/td>\n<td width=\"423\">\n<p style=\"text-align: center;\">Sal\u00e3o de Festas &#8211; Fase 2<\/p>\n<\/td>\n<\/tr>\n<tr>\n<td width=\"148\">\n<p style=\"text-align: center;\">24<\/p>\n<\/td>\n<td width=\"423\">\n<p style=\"text-align: center;\">Churrasqueiras &#8211; sendo 2 vagas por churrasqueira<\/p>\n<\/td>\n<\/tr>\n<tr>\n<td width=\"148\">\n<p style=\"text-align: center;\">3<\/p>\n<\/td>\n<td width=\"423\">\n<p style=\"text-align: center;\">Apaso &#8211; para recep\u00e7\u00e3o de terceiros (entregas, correios, Sedex,etc)<\/p>\n<\/td>\n<\/tr>\n<tr>\n<td style=\"text-align: center;\" width=\"148\">101<\/td>\n<td width=\"423\">\n<p style=\"text-align: center;\">Visitantes do complexo<\/p>\n<\/td>\n<\/tr>\n<\/tbody>\n<\/table>\n<p>&nbsp;<\/p>\n<p>Ser\u00e1 proibido de estacionar nas ruas os \u00f4nibus, caminh\u00e3o, micro \u00f4nibus \u2013 multas dever\u00e3o ser aplicadas pelo Presidente em exerc\u00edcio.<strong>\u00a0<\/strong><\/p>\n<h6>Sal\u00e3o de Festas<\/h6>\n<p>Ser\u00e1 permitido somente duas festas por ano para cada unidade.<strong>\u00a0<\/strong><\/p>\n<h6>Academia (\u00a0que fica ao lado da Biblioteca )<\/h6>\n<p>Limite de idade 16 anos e menores de 16 anos somente acompanhadas de um adulto. O hor\u00e1rio de funcionamento ser\u00e1 das 10h \u00e0s 22h.<\/p>\n<p><small style=\"color: #7b7b7b;\">Fonte:\u00a0www.facebook.com\/CondominioBuritisSindico\/posts\/744339348995762<\/small><\/p>\n","protected":false},"excerpt":{"rendered":"<p>Conforme Ata da Assembl\u00e9ia deliberada em 07\/11\/2014 com a Diretoria da Apaso e S\u00edndicos, foi acordado a novas regras: Vagas de carros nas ruas principais do condom\u00ednio Ser\u00e1 disponibilizado para todos os visitantes crach\u00e1s com o numero das vagas, que dever\u00e1 ser entregue na sa\u00edda, caso o visitante n\u00e3o entregue, o mesmo ser\u00e1 cobrado da [&hellip;]<\/p>\n","protected":false},"author":2,"featured_media":846,"comment_status":"closed","ping_status":"closed","sticky":false,"template":"","format":"standard","meta":{"footnotes":""},"categories":[38],"tags":[],"class_list":["post-845","post","type-post","status-publish","format-standard","has-post-thumbnail","hentry","category-condominio"],"yoast_head":"<!-- This site is optimized with the Yoast SEO plugin v27.4 - https:\/\/yoast.com\/product\/yoast-seo-wordpress\/ -->\n<title>Novas regras no Parque dos Sonhos - Apaso - Portal Parque dos Sonhos<\/title>\n<meta name=\"description\" content=\"Conforme Ata da Assembl\u00e9ia deliberada em 07\/11\/2014 com a Diretoria da Apaso e S\u00edndicos, foi acordado a novas regras: Vagas de...\" \/>\n<meta name=\"robots\" content=\"index, follow, max-snippet:-1, max-image-preview:large, max-video-preview:-1\" \/>\n<link rel=\"canonical\" href=\"http:\/\/parquedossonhos.net\/portal\/mais\/condominio\/novas-regras-parque-dos-sonhos-apaso\" \/>\n<meta property=\"og:locale\" content=\"pt_BR\" \/>\n<meta property=\"og:type\" content=\"article\" \/>\n<meta property=\"og:title\" content=\"Novas regras no Parque dos Sonhos - Apaso - Portal Parque dos Sonhos\" \/>\n<meta property=\"og:description\" content=\"Conforme Ata da Assembl\u00e9ia deliberada em 07\/11\/2014 com a Diretoria da Apaso e S\u00edndicos, foi acordado a novas regras: Vagas de...\" \/>\n<meta property=\"og:url\" content=\"http:\/\/parquedossonhos.net\/portal\/mais\/condominio\/novas-regras-parque-dos-sonhos-apaso\" \/>\n<meta property=\"og:site_name\" content=\"Portal Parque dos Sonhos\" \/>\n<meta property=\"article:publisher\" content=\"http:\/\/www.facebook.com\/ParqueDosSonhos.net\" \/>\n<meta property=\"article:published_time\" content=\"2014-12-29T11:52:33+00:00\" \/>\n<meta property=\"article:modified_time\" content=\"2015-06-20T02:46:14+00:00\" \/>\n<meta property=\"og:image\" content=\"http:\/\/parquedossonhos.net\/portal\/wp-content\/uploads\/2014\/12\/7.png\" \/>\n\t<meta property=\"og:image:width\" content=\"610\" \/>\n\t<meta property=\"og:image:height\" content=\"467\" \/>\n\t<meta property=\"og:image:type\" content=\"image\/png\" \/>\n<meta name=\"author\" content=\"editor\" \/>\n<meta name=\"twitter:label1\" content=\"Escrito por\" \/>\n\t<meta name=\"twitter:data1\" content=\"editor\" \/>\n\t<meta name=\"twitter:label2\" content=\"Est. tempo de leitura\" \/>\n\t<meta name=\"twitter:data2\" content=\"1 minuto\" \/>\n<script type=\"application\/ld+json\" class=\"yoast-schema-graph\">{\"@context\":\"https:\\\/\\\/schema.org\",\"@graph\":[{\"@type\":\"Article\",\"@id\":\"http:\\\/\\\/parquedossonhos.net\\\/portal\\\/mais\\\/condominio\\\/novas-regras-parque-dos-sonhos-apaso#article\",\"isPartOf\":{\"@id\":\"http:\\\/\\\/parquedossonhos.net\\\/portal\\\/mais\\\/condominio\\\/novas-regras-parque-dos-sonhos-apaso\"},\"author\":{\"name\":\"editor\",\"@id\":\"https:\\\/\\\/parquedossonhos.net\\\/portal\\\/#\\\/schema\\\/person\\\/8ee6f32de5fe817db154ee6d93674bb9\"},\"headline\":\"Novas regras no Parque dos Sonhos &#8211; Apaso\",\"datePublished\":\"2014-12-29T11:52:33+00:00\",\"dateModified\":\"2015-06-20T02:46:14+00:00\",\"mainEntityOfPage\":{\"@id\":\"http:\\\/\\\/parquedossonhos.net\\\/portal\\\/mais\\\/condominio\\\/novas-regras-parque-dos-sonhos-apaso\"},\"wordCount\":269,\"publisher\":{\"@id\":\"https:\\\/\\\/parquedossonhos.net\\\/portal\\\/#organization\"},\"image\":{\"@id\":\"http:\\\/\\\/parquedossonhos.net\\\/portal\\\/mais\\\/condominio\\\/novas-regras-parque-dos-sonhos-apaso#primaryimage\"},\"thumbnailUrl\":\"https:\\\/\\\/parquedossonhos.net\\\/portal\\\/wp-content\\\/uploads\\\/2014\\\/12\\\/7.png\",\"articleSection\":[\"Condom\u00ednio\"],\"inLanguage\":\"pt-BR\"},{\"@type\":\"WebPage\",\"@id\":\"http:\\\/\\\/parquedossonhos.net\\\/portal\\\/mais\\\/condominio\\\/novas-regras-parque-dos-sonhos-apaso\",\"url\":\"http:\\\/\\\/parquedossonhos.net\\\/portal\\\/mais\\\/condominio\\\/novas-regras-parque-dos-sonhos-apaso\",\"name\":\"Novas regras no Parque dos Sonhos - Apaso - Portal Parque dos Sonhos\",\"isPartOf\":{\"@id\":\"https:\\\/\\\/parquedossonhos.net\\\/portal\\\/#website\"},\"primaryImageOfPage\":{\"@id\":\"http:\\\/\\\/parquedossonhos.net\\\/portal\\\/mais\\\/condominio\\\/novas-regras-parque-dos-sonhos-apaso#primaryimage\"},\"image\":{\"@id\":\"http:\\\/\\\/parquedossonhos.net\\\/portal\\\/mais\\\/condominio\\\/novas-regras-parque-dos-sonhos-apaso#primaryimage\"},\"thumbnailUrl\":\"https:\\\/\\\/parquedossonhos.net\\\/portal\\\/wp-content\\\/uploads\\\/2014\\\/12\\\/7.png\",\"datePublished\":\"2014-12-29T11:52:33+00:00\",\"dateModified\":\"2015-06-20T02:46:14+00:00\",\"description\":\"Conforme Ata da Assembl\u00e9ia deliberada em 07\\\/11\\\/2014 com a Diretoria da Apaso e S\u00edndicos, foi acordado a novas regras: Vagas de...\",\"breadcrumb\":{\"@id\":\"http:\\\/\\\/parquedossonhos.net\\\/portal\\\/mais\\\/condominio\\\/novas-regras-parque-dos-sonhos-apaso#breadcrumb\"},\"inLanguage\":\"pt-BR\",\"potentialAction\":[{\"@type\":\"ReadAction\",\"target\":[\"http:\\\/\\\/parquedossonhos.net\\\/portal\\\/mais\\\/condominio\\\/novas-regras-parque-dos-sonhos-apaso\"]}]},{\"@type\":\"ImageObject\",\"inLanguage\":\"pt-BR\",\"@id\":\"http:\\\/\\\/parquedossonhos.net\\\/portal\\\/mais\\\/condominio\\\/novas-regras-parque-dos-sonhos-apaso#primaryimage\",\"url\":\"https:\\\/\\\/parquedossonhos.net\\\/portal\\\/wp-content\\\/uploads\\\/2014\\\/12\\\/7.png\",\"contentUrl\":\"https:\\\/\\\/parquedossonhos.net\\\/portal\\\/wp-content\\\/uploads\\\/2014\\\/12\\\/7.png\",\"width\":610,\"height\":467},{\"@type\":\"BreadcrumbList\",\"@id\":\"http:\\\/\\\/parquedossonhos.net\\\/portal\\\/mais\\\/condominio\\\/novas-regras-parque-dos-sonhos-apaso#breadcrumb\",\"itemListElement\":[{\"@type\":\"ListItem\",\"position\":1,\"name\":\"In\u00edcio\",\"item\":\"https:\\\/\\\/parquedossonhos.net\\\/portal\\\/\"},{\"@type\":\"ListItem\",\"position\":2,\"name\":\"Novas regras no Parque dos Sonhos &#8211; Apaso\"}]},{\"@type\":\"WebSite\",\"@id\":\"https:\\\/\\\/parquedossonhos.net\\\/portal\\\/#website\",\"url\":\"https:\\\/\\\/parquedossonhos.net\\\/portal\\\/\",\"name\":\"Portal Parque dos Sonhos\",\"description\":\"Portal do Condom\u00ednio (Residencial) Parque dos Sonhos situado na rua Masato Sakai, 180 - Ferraz de Vasconcelos \u2013 SP\",\"publisher\":{\"@id\":\"https:\\\/\\\/parquedossonhos.net\\\/portal\\\/#organization\"},\"potentialAction\":[{\"@type\":\"SearchAction\",\"target\":{\"@type\":\"EntryPoint\",\"urlTemplate\":\"https:\\\/\\\/parquedossonhos.net\\\/portal\\\/?s={search_term_string}\"},\"query-input\":{\"@type\":\"PropertyValueSpecification\",\"valueRequired\":true,\"valueName\":\"search_term_string\"}}],\"inLanguage\":\"pt-BR\"},{\"@type\":\"Organization\",\"@id\":\"https:\\\/\\\/parquedossonhos.net\\\/portal\\\/#organization\",\"name\":\"Parque dos Sonhos\",\"url\":\"https:\\\/\\\/parquedossonhos.net\\\/portal\\\/\",\"logo\":{\"@type\":\"ImageObject\",\"inLanguage\":\"pt-BR\",\"@id\":\"https:\\\/\\\/parquedossonhos.net\\\/portal\\\/#\\\/schema\\\/logo\\\/image\\\/\",\"url\":\"http:\\\/\\\/parquedossonhos.net\\\/portal\\\/wp-content\\\/uploads\\\/2016\\\/09\\\/Abstract-Green-Tree-Vector-Illustration.jpg\",\"contentUrl\":\"http:\\\/\\\/parquedossonhos.net\\\/portal\\\/wp-content\\\/uploads\\\/2016\\\/09\\\/Abstract-Green-Tree-Vector-Illustration.jpg\",\"width\":794,\"height\":706,\"caption\":\"Parque dos Sonhos\"},\"image\":{\"@id\":\"https:\\\/\\\/parquedossonhos.net\\\/portal\\\/#\\\/schema\\\/logo\\\/image\\\/\"},\"sameAs\":[\"http:\\\/\\\/www.facebook.com\\\/ParqueDosSonhos.net\"]},{\"@type\":\"Person\",\"@id\":\"https:\\\/\\\/parquedossonhos.net\\\/portal\\\/#\\\/schema\\\/person\\\/8ee6f32de5fe817db154ee6d93674bb9\",\"name\":\"editor\",\"image\":{\"@type\":\"ImageObject\",\"inLanguage\":\"pt-BR\",\"@id\":\"https:\\\/\\\/secure.gravatar.com\\\/avatar\\\/c3584e8ae789498c6b92ef9162f3ba55bad378e65c8ca830c001eb29cb8ba9a2?s=96&d=mm&r=g\",\"url\":\"https:\\\/\\\/secure.gravatar.com\\\/avatar\\\/c3584e8ae789498c6b92ef9162f3ba55bad378e65c8ca830c001eb29cb8ba9a2?s=96&d=mm&r=g\",\"contentUrl\":\"https:\\\/\\\/secure.gravatar.com\\\/avatar\\\/c3584e8ae789498c6b92ef9162f3ba55bad378e65c8ca830c001eb29cb8ba9a2?s=96&d=mm&r=g\",\"caption\":\"editor\"},\"url\":\"https:\\\/\\\/parquedossonhos.net\\\/portal\\\/author\\\/editor\"}]}<\/script>\n<!-- \/ Yoast SEO plugin. -->","yoast_head_json":{"title":"Novas regras no Parque dos Sonhos - Apaso - Portal Parque dos Sonhos","description":"Conforme Ata da Assembl\u00e9ia deliberada em 07\/11\/2014 com a Diretoria da Apaso e S\u00edndicos, foi acordado a novas regras: Vagas de...","robots":{"index":"index","follow":"follow","max-snippet":"max-snippet:-1","max-image-preview":"max-image-preview:large","max-video-preview":"max-video-preview:-1"},"canonical":"http:\/\/parquedossonhos.net\/portal\/mais\/condominio\/novas-regras-parque-dos-sonhos-apaso","og_locale":"pt_BR","og_type":"article","og_title":"Novas regras no Parque dos Sonhos - Apaso - Portal Parque dos Sonhos","og_description":"Conforme Ata da Assembl\u00e9ia deliberada em 07\/11\/2014 com a Diretoria da Apaso e S\u00edndicos, foi acordado a novas regras: Vagas de...","og_url":"http:\/\/parquedossonhos.net\/portal\/mais\/condominio\/novas-regras-parque-dos-sonhos-apaso","og_site_name":"Portal Parque dos Sonhos","article_publisher":"http:\/\/www.facebook.com\/ParqueDosSonhos.net","article_published_time":"2014-12-29T11:52:33+00:00","article_modified_time":"2015-06-20T02:46:14+00:00","og_image":[{"width":610,"height":467,"url":"http:\/\/parquedossonhos.net\/portal\/wp-content\/uploads\/2014\/12\/7.png","type":"image\/png"}],"author":"editor","twitter_misc":{"Escrito por":"editor","Est. tempo de leitura":"1 minuto"},"schema":{"@context":"https:\/\/schema.org","@graph":[{"@type":"Article","@id":"http:\/\/parquedossonhos.net\/portal\/mais\/condominio\/novas-regras-parque-dos-sonhos-apaso#article","isPartOf":{"@id":"http:\/\/parquedossonhos.net\/portal\/mais\/condominio\/novas-regras-parque-dos-sonhos-apaso"},"author":{"name":"editor","@id":"https:\/\/parquedossonhos.net\/portal\/#\/schema\/person\/8ee6f32de5fe817db154ee6d93674bb9"},"headline":"Novas regras no Parque dos Sonhos &#8211; Apaso","datePublished":"2014-12-29T11:52:33+00:00","dateModified":"2015-06-20T02:46:14+00:00","mainEntityOfPage":{"@id":"http:\/\/parquedossonhos.net\/portal\/mais\/condominio\/novas-regras-parque-dos-sonhos-apaso"},"wordCount":269,"publisher":{"@id":"https:\/\/parquedossonhos.net\/portal\/#organization"},"image":{"@id":"http:\/\/parquedossonhos.net\/portal\/mais\/condominio\/novas-regras-parque-dos-sonhos-apaso#primaryimage"},"thumbnailUrl":"https:\/\/parquedossonhos.net\/portal\/wp-content\/uploads\/2014\/12\/7.png","articleSection":["Condom\u00ednio"],"inLanguage":"pt-BR"},{"@type":"WebPage","@id":"http:\/\/parquedossonhos.net\/portal\/mais\/condominio\/novas-regras-parque-dos-sonhos-apaso","url":"http:\/\/parquedossonhos.net\/portal\/mais\/condominio\/novas-regras-parque-dos-sonhos-apaso","name":"Novas regras no Parque dos Sonhos - Apaso - Portal Parque dos Sonhos","isPartOf":{"@id":"https:\/\/parquedossonhos.net\/portal\/#website"},"primaryImageOfPage":{"@id":"http:\/\/parquedossonhos.net\/portal\/mais\/condominio\/novas-regras-parque-dos-sonhos-apaso#primaryimage"},"image":{"@id":"http:\/\/parquedossonhos.net\/portal\/mais\/condominio\/novas-regras-parque-dos-sonhos-apaso#primaryimage"},"thumbnailUrl":"https:\/\/parquedossonhos.net\/portal\/wp-content\/uploads\/2014\/12\/7.png","datePublished":"2014-12-29T11:52:33+00:00","dateModified":"2015-06-20T02:46:14+00:00","description":"Conforme Ata da Assembl\u00e9ia deliberada em 07\/11\/2014 com a Diretoria da Apaso e S\u00edndicos, foi acordado a novas regras: Vagas de...","breadcrumb":{"@id":"http:\/\/parquedossonhos.net\/portal\/mais\/condominio\/novas-regras-parque-dos-sonhos-apaso#breadcrumb"},"inLanguage":"pt-BR","potentialAction":[{"@type":"ReadAction","target":["http:\/\/parquedossonhos.net\/portal\/mais\/condominio\/novas-regras-parque-dos-sonhos-apaso"]}]},{"@type":"ImageObject","inLanguage":"pt-BR","@id":"http:\/\/parquedossonhos.net\/portal\/mais\/condominio\/novas-regras-parque-dos-sonhos-apaso#primaryimage","url":"https:\/\/parquedossonhos.net\/portal\/wp-content\/uploads\/2014\/12\/7.png","contentUrl":"https:\/\/parquedossonhos.net\/portal\/wp-content\/uploads\/2014\/12\/7.png","width":610,"height":467},{"@type":"BreadcrumbList","@id":"http:\/\/parquedossonhos.net\/portal\/mais\/condominio\/novas-regras-parque-dos-sonhos-apaso#breadcrumb","itemListElement":[{"@type":"ListItem","position":1,"name":"In\u00edcio","item":"https:\/\/parquedossonhos.net\/portal\/"},{"@type":"ListItem","position":2,"name":"Novas regras no Parque dos Sonhos &#8211; Apaso"}]},{"@type":"WebSite","@id":"https:\/\/parquedossonhos.net\/portal\/#website","url":"https:\/\/parquedossonhos.net\/portal\/","name":"Portal Parque dos Sonhos","description":"Portal do Condom\u00ednio (Residencial) Parque dos Sonhos situado na rua Masato Sakai, 180 - Ferraz de Vasconcelos \u2013 SP","publisher":{"@id":"https:\/\/parquedossonhos.net\/portal\/#organization"},"potentialAction":[{"@type":"SearchAction","target":{"@type":"EntryPoint","urlTemplate":"https:\/\/parquedossonhos.net\/portal\/?s={search_term_string}"},"query-input":{"@type":"PropertyValueSpecification","valueRequired":true,"valueName":"search_term_string"}}],"inLanguage":"pt-BR"},{"@type":"Organization","@id":"https:\/\/parquedossonhos.net\/portal\/#organization","name":"Parque dos Sonhos","url":"https:\/\/parquedossonhos.net\/portal\/","logo":{"@type":"ImageObject","inLanguage":"pt-BR","@id":"https:\/\/parquedossonhos.net\/portal\/#\/schema\/logo\/image\/","url":"http:\/\/parquedossonhos.net\/portal\/wp-content\/uploads\/2016\/09\/Abstract-Green-Tree-Vector-Illustration.jpg","contentUrl":"http:\/\/parquedossonhos.net\/portal\/wp-content\/uploads\/2016\/09\/Abstract-Green-Tree-Vector-Illustration.jpg","width":794,"height":706,"caption":"Parque dos Sonhos"},"image":{"@id":"https:\/\/parquedossonhos.net\/portal\/#\/schema\/logo\/image\/"},"sameAs":["http:\/\/www.facebook.com\/ParqueDosSonhos.net"]},{"@type":"Person","@id":"https:\/\/parquedossonhos.net\/portal\/#\/schema\/person\/8ee6f32de5fe817db154ee6d93674bb9","name":"editor","image":{"@type":"ImageObject","inLanguage":"pt-BR","@id":"https:\/\/secure.gravatar.com\/avatar\/c3584e8ae789498c6b92ef9162f3ba55bad378e65c8ca830c001eb29cb8ba9a2?s=96&d=mm&r=g","url":"https:\/\/secure.gravatar.com\/avatar\/c3584e8ae789498c6b92ef9162f3ba55bad378e65c8ca830c001eb29cb8ba9a2?s=96&d=mm&r=g","contentUrl":"https:\/\/secure.gravatar.com\/avatar\/c3584e8ae789498c6b92ef9162f3ba55bad378e65c8ca830c001eb29cb8ba9a2?s=96&d=mm&r=g","caption":"editor"},"url":"https:\/\/parquedossonhos.net\/portal\/author\/editor"}]}},"_links":{"self":[{"href":"https:\/\/parquedossonhos.net\/portal\/wp-json\/wp\/v2\/posts\/845","targetHints":{"allow":["GET"]}}],"collection":[{"href":"https:\/\/parquedossonhos.net\/portal\/wp-json\/wp\/v2\/posts"}],"about":[{"href":"https:\/\/parquedossonhos.net\/portal\/wp-json\/wp\/v2\/types\/post"}],"author":[{"embeddable":true,"href":"https:\/\/parquedossonhos.net\/portal\/wp-json\/wp\/v2\/users\/2"}],"replies":[{"embeddable":true,"href":"https:\/\/parquedossonhos.net\/portal\/wp-json\/wp\/v2\/comments?post=845"}],"version-history":[{"count":1,"href":"https:\/\/parquedossonhos.net\/portal\/wp-json\/wp\/v2\/posts\/845\/revisions"}],"predecessor-version":[{"id":863,"href":"https:\/\/parquedossonhos.net\/portal\/wp-json\/wp\/v2\/posts\/845\/revisions\/863"}],"wp:featuredmedia":[{"embeddable":true,"href":"https:\/\/parquedossonhos.net\/portal\/wp-json\/wp\/v2\/media\/846"}],"wp:attachment":[{"href":"https:\/\/parquedossonhos.net\/portal\/wp-json\/wp\/v2\/media?parent=845"}],"wp:term":[{"taxonomy":"category","embeddable":true,"href":"https:\/\/parquedossonhos.net\/portal\/wp-json\/wp\/v2\/categories?post=845"},{"taxonomy":"post_tag","embeddable":true,"href":"https:\/\/parquedossonhos.net\/portal\/wp-json\/wp\/v2\/tags?post=845"}],"curies":[{"name":"wp","href":"https:\/\/api.w.org\/{rel}","templated":true}]}}