{"id":174,"date":"2014-10-22T00:38:31","date_gmt":"2014-10-22T00:38:31","guid":{"rendered":"http:\/\/parquedossonhos.net\/portal\/?p=174"},"modified":"2015-06-20T02:47:16","modified_gmt":"2015-06-20T02:47:16","slug":"inadimplencia","status":"publish","type":"post","link":"https:\/\/parquedossonhos.net\/portal\/uncategorized\/inadimplencia","title":{"rendered":"Inadimpl\u00eancia"},"content":{"rendered":"<p>Estamos encaminhando ao departamento Jur\u00eddico mais unidades, para acionamento Jur\u00eddico inclusive com pedido de Penhora online e outros bens.<\/p>\n<p>As a\u00e7\u00f5es j\u00e1 ajuizadas j\u00e1 est\u00e3o sendo solicitada a penhora de bens.<br \/>\nAl\u00e9m disso moradores com d\u00e9bitos superior a 15 dias ser\u00e3o encaminhadas para protestos.<\/p>\n<p>Aconselho os inadimplentes a regularizarem sua situa\u00e7\u00e3o junto ao condom\u00ednio.<\/p>\n<p>Pois caso c<span class=\"text_exposed_show\">ontrario at\u00e9 como crit\u00e9rio de presta\u00e7\u00e3o de contas aos condom\u00ednios adimplentes,os inadimplentes ter\u00e3o seus nomes expostos no quadro de aviso de cada hall correspondente ao seu bloco.<\/span><\/p>\n<p>Assim aconselho enviar e-mail para edgar.alves01@hotmail.com para regularizarmos as pendencias. Ou aqueles j\u00e1 com a\u00e7\u00f5es procurarem o Escrit\u00f3rio do Dr. Euz\u00e9bio Associados no tel:2602-2240<br \/>\nDia 14 ser\u00e1 divulgado nos halls os nomes dos inadimplentes no quadro de aviso caso n\u00e3o haja demanda por acordo.<\/p>\n<p>Temos que honrar nossos compromissos, assim como os Srs e Sras inadimplentes tem por obriga\u00e7\u00e3o honrar os de voc\u00eas.<\/p>\n","protected":false},"excerpt":{"rendered":"<p>Estamos encaminhando ao departamento Jur\u00eddico mais unidades, para acionamento Jur\u00eddico inclusive com pedido de Penhora online e outros bens. As a\u00e7\u00f5es j\u00e1 ajuizadas j\u00e1 est\u00e3o sendo solicitada a penhora de bens. Al\u00e9m disso moradores com d\u00e9bitos superior a 15 dias ser\u00e3o encaminhadas para protestos. Aconselho os inadimplentes a regularizarem sua situa\u00e7\u00e3o junto ao condom\u00ednio. Pois [&hellip;]<\/p>\n","protected":false},"author":2,"featured_media":646,"comment_status":"closed","ping_status":"closed","sticky":false,"template":"","format":"standard","meta":{"footnotes":""},"categories":[1],"tags":[],"class_list":["post-174","post","type-post","status-publish","format-standard","has-post-thumbnail","hentry","category-uncategorized"],"yoast_head":"<!-- This site is optimized with the Yoast SEO plugin v27.4 - https:\/\/yoast.com\/product\/yoast-seo-wordpress\/ -->\n<title>Inadimpl\u00eancia - Portal Parque dos Sonhos<\/title>\n<meta name=\"robots\" content=\"index, follow, max-snippet:-1, max-image-preview:large, max-video-preview:-1\" \/>\n<link rel=\"canonical\" href=\"https:\/\/parquedossonhos.net\/portal\/uncategorized\/inadimplencia\" \/>\n<meta property=\"og:locale\" content=\"pt_BR\" \/>\n<meta property=\"og:type\" content=\"article\" \/>\n<meta property=\"og:title\" content=\"Inadimpl\u00eancia - Portal Parque dos Sonhos\" \/>\n<meta property=\"og:description\" content=\"Estamos encaminhando ao departamento Jur\u00eddico mais unidades, para acionamento Jur\u00eddico inclusive com pedido de Penhora online e outros bens. As a\u00e7\u00f5es j\u00e1 ajuizadas j\u00e1 est\u00e3o sendo solicitada a penhora de bens. Al\u00e9m disso moradores com d\u00e9bitos superior a 15 dias ser\u00e3o encaminhadas para protestos. Aconselho os inadimplentes a regularizarem sua situa\u00e7\u00e3o junto ao condom\u00ednio. Pois [&hellip;]\" \/>\n<meta property=\"og:url\" content=\"https:\/\/parquedossonhos.net\/portal\/uncategorized\/inadimplencia\" \/>\n<meta property=\"og:site_name\" content=\"Portal Parque dos Sonhos\" \/>\n<meta property=\"article:publisher\" content=\"http:\/\/www.facebook.com\/ParqueDosSonhos.net\" \/>\n<meta property=\"article:published_time\" content=\"2014-10-22T00:38:31+00:00\" \/>\n<meta property=\"article:modified_time\" content=\"2015-06-20T02:47:16+00:00\" \/>\n<meta property=\"og:image\" content=\"https:\/\/parquedossonhos.net\/portal\/wp-content\/uploads\/2014\/10\/juridico1.jpg\" \/>\n\t<meta property=\"og:image:width\" content=\"1170\" \/>\n\t<meta property=\"og:image:height\" content=\"500\" \/>\n\t<meta property=\"og:image:type\" content=\"image\/jpeg\" \/>\n<meta name=\"author\" content=\"editor\" \/>\n<meta name=\"twitter:label1\" content=\"Escrito por\" \/>\n\t<meta name=\"twitter:data1\" content=\"editor\" \/>\n\t<meta name=\"twitter:label2\" content=\"Est. tempo de leitura\" \/>\n\t<meta name=\"twitter:data2\" content=\"1 minuto\" \/>\n<script type=\"application\/ld+json\" class=\"yoast-schema-graph\">{\"@context\":\"https:\\\/\\\/schema.org\",\"@graph\":[{\"@type\":\"Article\",\"@id\":\"https:\\\/\\\/parquedossonhos.net\\\/portal\\\/uncategorized\\\/inadimplencia#article\",\"isPartOf\":{\"@id\":\"https:\\\/\\\/parquedossonhos.net\\\/portal\\\/uncategorized\\\/inadimplencia\"},\"author\":{\"name\":\"editor\",\"@id\":\"https:\\\/\\\/parquedossonhos.net\\\/portal\\\/#\\\/schema\\\/person\\\/8ee6f32de5fe817db154ee6d93674bb9\"},\"headline\":\"Inadimpl\u00eancia\",\"datePublished\":\"2014-10-22T00:38:31+00:00\",\"dateModified\":\"2015-06-20T02:47:16+00:00\",\"mainEntityOfPage\":{\"@id\":\"https:\\\/\\\/parquedossonhos.net\\\/portal\\\/uncategorized\\\/inadimplencia\"},\"wordCount\":170,\"publisher\":{\"@id\":\"https:\\\/\\\/parquedossonhos.net\\\/portal\\\/#organization\"},\"image\":{\"@id\":\"https:\\\/\\\/parquedossonhos.net\\\/portal\\\/uncategorized\\\/inadimplencia#primaryimage\"},\"thumbnailUrl\":\"https:\\\/\\\/parquedossonhos.net\\\/portal\\\/wp-content\\\/uploads\\\/2014\\\/10\\\/juridico1.jpg\",\"articleSection\":[\"Uncategorized\"],\"inLanguage\":\"pt-BR\"},{\"@type\":\"WebPage\",\"@id\":\"https:\\\/\\\/parquedossonhos.net\\\/portal\\\/uncategorized\\\/inadimplencia\",\"url\":\"https:\\\/\\\/parquedossonhos.net\\\/portal\\\/uncategorized\\\/inadimplencia\",\"name\":\"Inadimpl\u00eancia - Portal Parque dos Sonhos\",\"isPartOf\":{\"@id\":\"https:\\\/\\\/parquedossonhos.net\\\/portal\\\/#website\"},\"primaryImageOfPage\":{\"@id\":\"https:\\\/\\\/parquedossonhos.net\\\/portal\\\/uncategorized\\\/inadimplencia#primaryimage\"},\"image\":{\"@id\":\"https:\\\/\\\/parquedossonhos.net\\\/portal\\\/uncategorized\\\/inadimplencia#primaryimage\"},\"thumbnailUrl\":\"https:\\\/\\\/parquedossonhos.net\\\/portal\\\/wp-content\\\/uploads\\\/2014\\\/10\\\/juridico1.jpg\",\"datePublished\":\"2014-10-22T00:38:31+00:00\",\"dateModified\":\"2015-06-20T02:47:16+00:00\",\"breadcrumb\":{\"@id\":\"https:\\\/\\\/parquedossonhos.net\\\/portal\\\/uncategorized\\\/inadimplencia#breadcrumb\"},\"inLanguage\":\"pt-BR\",\"potentialAction\":[{\"@type\":\"ReadAction\",\"target\":[\"https:\\\/\\\/parquedossonhos.net\\\/portal\\\/uncategorized\\\/inadimplencia\"]}]},{\"@type\":\"ImageObject\",\"inLanguage\":\"pt-BR\",\"@id\":\"https:\\\/\\\/parquedossonhos.net\\\/portal\\\/uncategorized\\\/inadimplencia#primaryimage\",\"url\":\"https:\\\/\\\/parquedossonhos.net\\\/portal\\\/wp-content\\\/uploads\\\/2014\\\/10\\\/juridico1.jpg\",\"contentUrl\":\"https:\\\/\\\/parquedossonhos.net\\\/portal\\\/wp-content\\\/uploads\\\/2014\\\/10\\\/juridico1.jpg\",\"width\":1170,\"height\":500},{\"@type\":\"BreadcrumbList\",\"@id\":\"https:\\\/\\\/parquedossonhos.net\\\/portal\\\/uncategorized\\\/inadimplencia#breadcrumb\",\"itemListElement\":[{\"@type\":\"ListItem\",\"position\":1,\"name\":\"In\u00edcio\",\"item\":\"https:\\\/\\\/parquedossonhos.net\\\/portal\\\/\"},{\"@type\":\"ListItem\",\"position\":2,\"name\":\"Inadimpl\u00eancia\"}]},{\"@type\":\"WebSite\",\"@id\":\"https:\\\/\\\/parquedossonhos.net\\\/portal\\\/#website\",\"url\":\"https:\\\/\\\/parquedossonhos.net\\\/portal\\\/\",\"name\":\"Portal Parque dos Sonhos\",\"description\":\"Portal do Condom\u00ednio (Residencial) Parque dos Sonhos situado na rua Masato Sakai, 180 - Ferraz de Vasconcelos \u2013 SP\",\"publisher\":{\"@id\":\"https:\\\/\\\/parquedossonhos.net\\\/portal\\\/#organization\"},\"potentialAction\":[{\"@type\":\"SearchAction\",\"target\":{\"@type\":\"EntryPoint\",\"urlTemplate\":\"https:\\\/\\\/parquedossonhos.net\\\/portal\\\/?s={search_term_string}\"},\"query-input\":{\"@type\":\"PropertyValueSpecification\",\"valueRequired\":true,\"valueName\":\"search_term_string\"}}],\"inLanguage\":\"pt-BR\"},{\"@type\":\"Organization\",\"@id\":\"https:\\\/\\\/parquedossonhos.net\\\/portal\\\/#organization\",\"name\":\"Parque dos Sonhos\",\"url\":\"https:\\\/\\\/parquedossonhos.net\\\/portal\\\/\",\"logo\":{\"@type\":\"ImageObject\",\"inLanguage\":\"pt-BR\",\"@id\":\"https:\\\/\\\/parquedossonhos.net\\\/portal\\\/#\\\/schema\\\/logo\\\/image\\\/\",\"url\":\"http:\\\/\\\/parquedossonhos.net\\\/portal\\\/wp-content\\\/uploads\\\/2016\\\/09\\\/Abstract-Green-Tree-Vector-Illustration.jpg\",\"contentUrl\":\"http:\\\/\\\/parquedossonhos.net\\\/portal\\\/wp-content\\\/uploads\\\/2016\\\/09\\\/Abstract-Green-Tree-Vector-Illustration.jpg\",\"width\":794,\"height\":706,\"caption\":\"Parque dos Sonhos\"},\"image\":{\"@id\":\"https:\\\/\\\/parquedossonhos.net\\\/portal\\\/#\\\/schema\\\/logo\\\/image\\\/\"},\"sameAs\":[\"http:\\\/\\\/www.facebook.com\\\/ParqueDosSonhos.net\"]},{\"@type\":\"Person\",\"@id\":\"https:\\\/\\\/parquedossonhos.net\\\/portal\\\/#\\\/schema\\\/person\\\/8ee6f32de5fe817db154ee6d93674bb9\",\"name\":\"editor\",\"image\":{\"@type\":\"ImageObject\",\"inLanguage\":\"pt-BR\",\"@id\":\"https:\\\/\\\/secure.gravatar.com\\\/avatar\\\/c3584e8ae789498c6b92ef9162f3ba55bad378e65c8ca830c001eb29cb8ba9a2?s=96&d=mm&r=g\",\"url\":\"https:\\\/\\\/secure.gravatar.com\\\/avatar\\\/c3584e8ae789498c6b92ef9162f3ba55bad378e65c8ca830c001eb29cb8ba9a2?s=96&d=mm&r=g\",\"contentUrl\":\"https:\\\/\\\/secure.gravatar.com\\\/avatar\\\/c3584e8ae789498c6b92ef9162f3ba55bad378e65c8ca830c001eb29cb8ba9a2?s=96&d=mm&r=g\",\"caption\":\"editor\"},\"url\":\"https:\\\/\\\/parquedossonhos.net\\\/portal\\\/author\\\/editor\"}]}<\/script>\n<!-- \/ Yoast SEO plugin. -->","yoast_head_json":{"title":"Inadimpl\u00eancia - Portal Parque dos Sonhos","robots":{"index":"index","follow":"follow","max-snippet":"max-snippet:-1","max-image-preview":"max-image-preview:large","max-video-preview":"max-video-preview:-1"},"canonical":"https:\/\/parquedossonhos.net\/portal\/uncategorized\/inadimplencia","og_locale":"pt_BR","og_type":"article","og_title":"Inadimpl\u00eancia - Portal Parque dos Sonhos","og_description":"Estamos encaminhando ao departamento Jur\u00eddico mais unidades, para acionamento Jur\u00eddico inclusive com pedido de Penhora online e outros bens. As a\u00e7\u00f5es j\u00e1 ajuizadas j\u00e1 est\u00e3o sendo solicitada a penhora de bens. Al\u00e9m disso moradores com d\u00e9bitos superior a 15 dias ser\u00e3o encaminhadas para protestos. Aconselho os inadimplentes a regularizarem sua situa\u00e7\u00e3o junto ao condom\u00ednio. Pois [&hellip;]","og_url":"https:\/\/parquedossonhos.net\/portal\/uncategorized\/inadimplencia","og_site_name":"Portal Parque dos Sonhos","article_publisher":"http:\/\/www.facebook.com\/ParqueDosSonhos.net","article_published_time":"2014-10-22T00:38:31+00:00","article_modified_time":"2015-06-20T02:47:16+00:00","og_image":[{"width":1170,"height":500,"url":"https:\/\/parquedossonhos.net\/portal\/wp-content\/uploads\/2014\/10\/juridico1.jpg","type":"image\/jpeg"}],"author":"editor","twitter_misc":{"Escrito por":"editor","Est. tempo de leitura":"1 minuto"},"schema":{"@context":"https:\/\/schema.org","@graph":[{"@type":"Article","@id":"https:\/\/parquedossonhos.net\/portal\/uncategorized\/inadimplencia#article","isPartOf":{"@id":"https:\/\/parquedossonhos.net\/portal\/uncategorized\/inadimplencia"},"author":{"name":"editor","@id":"https:\/\/parquedossonhos.net\/portal\/#\/schema\/person\/8ee6f32de5fe817db154ee6d93674bb9"},"headline":"Inadimpl\u00eancia","datePublished":"2014-10-22T00:38:31+00:00","dateModified":"2015-06-20T02:47:16+00:00","mainEntityOfPage":{"@id":"https:\/\/parquedossonhos.net\/portal\/uncategorized\/inadimplencia"},"wordCount":170,"publisher":{"@id":"https:\/\/parquedossonhos.net\/portal\/#organization"},"image":{"@id":"https:\/\/parquedossonhos.net\/portal\/uncategorized\/inadimplencia#primaryimage"},"thumbnailUrl":"https:\/\/parquedossonhos.net\/portal\/wp-content\/uploads\/2014\/10\/juridico1.jpg","articleSection":["Uncategorized"],"inLanguage":"pt-BR"},{"@type":"WebPage","@id":"https:\/\/parquedossonhos.net\/portal\/uncategorized\/inadimplencia","url":"https:\/\/parquedossonhos.net\/portal\/uncategorized\/inadimplencia","name":"Inadimpl\u00eancia - Portal Parque dos Sonhos","isPartOf":{"@id":"https:\/\/parquedossonhos.net\/portal\/#website"},"primaryImageOfPage":{"@id":"https:\/\/parquedossonhos.net\/portal\/uncategorized\/inadimplencia#primaryimage"},"image":{"@id":"https:\/\/parquedossonhos.net\/portal\/uncategorized\/inadimplencia#primaryimage"},"thumbnailUrl":"https:\/\/parquedossonhos.net\/portal\/wp-content\/uploads\/2014\/10\/juridico1.jpg","datePublished":"2014-10-22T00:38:31+00:00","dateModified":"2015-06-20T02:47:16+00:00","breadcrumb":{"@id":"https:\/\/parquedossonhos.net\/portal\/uncategorized\/inadimplencia#breadcrumb"},"inLanguage":"pt-BR","potentialAction":[{"@type":"ReadAction","target":["https:\/\/parquedossonhos.net\/portal\/uncategorized\/inadimplencia"]}]},{"@type":"ImageObject","inLanguage":"pt-BR","@id":"https:\/\/parquedossonhos.net\/portal\/uncategorized\/inadimplencia#primaryimage","url":"https:\/\/parquedossonhos.net\/portal\/wp-content\/uploads\/2014\/10\/juridico1.jpg","contentUrl":"https:\/\/parquedossonhos.net\/portal\/wp-content\/uploads\/2014\/10\/juridico1.jpg","width":1170,"height":500},{"@type":"BreadcrumbList","@id":"https:\/\/parquedossonhos.net\/portal\/uncategorized\/inadimplencia#breadcrumb","itemListElement":[{"@type":"ListItem","position":1,"name":"In\u00edcio","item":"https:\/\/parquedossonhos.net\/portal\/"},{"@type":"ListItem","position":2,"name":"Inadimpl\u00eancia"}]},{"@type":"WebSite","@id":"https:\/\/parquedossonhos.net\/portal\/#website","url":"https:\/\/parquedossonhos.net\/portal\/","name":"Portal Parque dos Sonhos","description":"Portal do Condom\u00ednio (Residencial) Parque dos Sonhos situado na rua Masato Sakai, 180 - Ferraz de Vasconcelos \u2013 SP","publisher":{"@id":"https:\/\/parquedossonhos.net\/portal\/#organization"},"potentialAction":[{"@type":"SearchAction","target":{"@type":"EntryPoint","urlTemplate":"https:\/\/parquedossonhos.net\/portal\/?s={search_term_string}"},"query-input":{"@type":"PropertyValueSpecification","valueRequired":true,"valueName":"search_term_string"}}],"inLanguage":"pt-BR"},{"@type":"Organization","@id":"https:\/\/parquedossonhos.net\/portal\/#organization","name":"Parque dos Sonhos","url":"https:\/\/parquedossonhos.net\/portal\/","logo":{"@type":"ImageObject","inLanguage":"pt-BR","@id":"https:\/\/parquedossonhos.net\/portal\/#\/schema\/logo\/image\/","url":"http:\/\/parquedossonhos.net\/portal\/wp-content\/uploads\/2016\/09\/Abstract-Green-Tree-Vector-Illustration.jpg","contentUrl":"http:\/\/parquedossonhos.net\/portal\/wp-content\/uploads\/2016\/09\/Abstract-Green-Tree-Vector-Illustration.jpg","width":794,"height":706,"caption":"Parque dos Sonhos"},"image":{"@id":"https:\/\/parquedossonhos.net\/portal\/#\/schema\/logo\/image\/"},"sameAs":["http:\/\/www.facebook.com\/ParqueDosSonhos.net"]},{"@type":"Person","@id":"https:\/\/parquedossonhos.net\/portal\/#\/schema\/person\/8ee6f32de5fe817db154ee6d93674bb9","name":"editor","image":{"@type":"ImageObject","inLanguage":"pt-BR","@id":"https:\/\/secure.gravatar.com\/avatar\/c3584e8ae789498c6b92ef9162f3ba55bad378e65c8ca830c001eb29cb8ba9a2?s=96&d=mm&r=g","url":"https:\/\/secure.gravatar.com\/avatar\/c3584e8ae789498c6b92ef9162f3ba55bad378e65c8ca830c001eb29cb8ba9a2?s=96&d=mm&r=g","contentUrl":"https:\/\/secure.gravatar.com\/avatar\/c3584e8ae789498c6b92ef9162f3ba55bad378e65c8ca830c001eb29cb8ba9a2?s=96&d=mm&r=g","caption":"editor"},"url":"https:\/\/parquedossonhos.net\/portal\/author\/editor"}]}},"_links":{"self":[{"href":"https:\/\/parquedossonhos.net\/portal\/wp-json\/wp\/v2\/posts\/174","targetHints":{"allow":["GET"]}}],"collection":[{"href":"https:\/\/parquedossonhos.net\/portal\/wp-json\/wp\/v2\/posts"}],"about":[{"href":"https:\/\/parquedossonhos.net\/portal\/wp-json\/wp\/v2\/types\/post"}],"author":[{"embeddable":true,"href":"https:\/\/parquedossonhos.net\/portal\/wp-json\/wp\/v2\/users\/2"}],"replies":[{"embeddable":true,"href":"https:\/\/parquedossonhos.net\/portal\/wp-json\/wp\/v2\/comments?post=174"}],"version-history":[{"count":1,"href":"https:\/\/parquedossonhos.net\/portal\/wp-json\/wp\/v2\/posts\/174\/revisions"}],"predecessor-version":[{"id":647,"href":"https:\/\/parquedossonhos.net\/portal\/wp-json\/wp\/v2\/posts\/174\/revisions\/647"}],"wp:featuredmedia":[{"embeddable":true,"href":"https:\/\/parquedossonhos.net\/portal\/wp-json\/wp\/v2\/media\/646"}],"wp:attachment":[{"href":"https:\/\/parquedossonhos.net\/portal\/wp-json\/wp\/v2\/media?parent=174"}],"wp:term":[{"taxonomy":"category","embeddable":true,"href":"https:\/\/parquedossonhos.net\/portal\/wp-json\/wp\/v2\/categories?post=174"},{"taxonomy":"post_tag","embeddable":true,"href":"https:\/\/parquedossonhos.net\/portal\/wp-json\/wp\/v2\/tags?post=174"}],"curies":[{"name":"wp","href":"https:\/\/api.w.org\/{rel}","templated":true}]}}