{"id":1401,"date":"2016-05-19T02:02:33","date_gmt":"2016-05-19T05:02:33","guid":{"rendered":"http:\/\/parquedossonhos.net\/portal\/?p=1401"},"modified":"2016-07-10T21:29:52","modified_gmt":"2016-07-11T00:29:52","slug":"diretoriaapaso","status":"publish","type":"post","link":"https:\/\/parquedossonhos.net\/portal\/mais\/condominio\/diretoriaapaso","title":{"rendered":"Confira a nova lista da Diretoria da Apaso"},"content":{"rendered":"<p><strong>COMUNICADO<\/strong><\/p>\n<p><strong>\u00a0<\/strong><strong>LISTA DA NOVA DIRETORIA ELEITA DA APASO.<\/strong><\/p>\n<p>De acordo com a Assembleia Geral Ordin\u00e1ria realizada em 14.05.2016 os candidatos eleitos s\u00e3o:<\/p>\n<table width=\"616\">\n<tbody>\n<tr>\n<td width=\"233\"><strong>Candidatos Eleitos<\/strong><\/td>\n<td width=\"301\"><strong>Diretoria<\/strong><\/td>\n<td width=\"81\"><strong>Condom\u00ednio<\/strong><\/td>\n<\/tr>\n<tr>\n<td width=\"233\">Marcos Antonio Marcelino<\/td>\n<td width=\"301\">Presidente<\/td>\n<td width=\"81\">Manac\u00e1<\/td>\n<\/tr>\n<tr>\n<td width=\"233\">Cleber Henrique dos Santos Floriano<\/td>\n<td width=\"301\">Diretor administrativo e financeiro<\/td>\n<td width=\"81\">Sapucaia<\/td>\n<\/tr>\n<tr>\n<td width=\"233\">Jos\u00e9 Francisco Fontenele Seixas<\/td>\n<td width=\"301\">Diretor de obras, manuten\u00e7\u00e3o, amplia\u00e7\u00e3o e reformas<\/td>\n<td width=\"81\">Pitangueiras<\/td>\n<\/tr>\n<tr>\n<td width=\"233\">Edgar Alves dos Santos Costa<\/td>\n<td width=\"301\">Diretor Social<\/td>\n<td width=\"81\">Buritis<\/td>\n<\/tr>\n<tr>\n<td width=\"233\">Elaine Cristina Silva Bassi<\/td>\n<td width=\"301\">Conselho Fiscal<\/td>\n<td width=\"81\">Manac\u00e1<\/td>\n<\/tr>\n<tr>\n<td width=\"233\">Dav\u00ed Goes Costa<\/td>\n<td width=\"301\">Conselho Fiscal<\/td>\n<td width=\"81\">Figueiras<\/td>\n<\/tr>\n<tr>\n<td width=\"233\">Renata Mendes Dias<\/td>\n<td width=\"301\">Conselho Fiscal<\/td>\n<td width=\"81\">Ip\u00eas<\/td>\n<\/tr>\n<\/tbody>\n<\/table>\n<p><strong>\u00a0<\/strong>Visto que alguns cargos da Diretoria n\u00e3o foram preenchidos realizaremos nova assembleia em 18.06.2016 para elei\u00e7\u00e3o das diretorias abaixo:<\/p>\n<p><strong>Diretor de tr\u00e2nsito e seguran\u00e7a;<\/strong><\/p>\n<p><strong>Diretor de meio ambiente;<\/strong><\/p>\n<p>Neste mesmo dia tamb\u00e9m ser\u00e1 aberto vaga para elei\u00e7\u00e3o de mais 1 (um)membro suplente do <strong>Conselho Fiscal<\/strong>.<\/p>\n<p><strong>Inscri\u00e7\u00f5es:<\/strong> Os candidatos poder\u00e3o inscrever-se isoladamente ou em chapas que preencha todos os cargos das Diretorias Dispon\u00edveis, vedada \u00e0 participa\u00e7\u00e3o em mais de uma chapa. A inscri\u00e7\u00e3o dever\u00e1 ser promovida pelo pr\u00f3prio candidato ou pessoa por ele autorizada, mediante ficha requerimento que ser\u00e1 protocolado na recep\u00e7\u00e3o da APASO, somente no per\u00edodo de 16.05.2016 \u00e0 08.06.2016 de segunda a sexta das 9h (nove horas) \u00e0s 18h (dezoito horas) e aos s\u00e1bados das 9h (nove horas) \u00e0s 13h (treze horas).<\/p>\n","protected":false},"excerpt":{"rendered":"<p>COMUNICADO \u00a0LISTA DA NOVA DIRETORIA ELEITA DA APASO. De acordo com a Assembleia Geral Ordin\u00e1ria realizada em 14.05.2016 os candidatos eleitos s\u00e3o: Candidatos Eleitos Diretoria Condom\u00ednio Marcos Antonio Marcelino Presidente Manac\u00e1 Cleber Henrique dos Santos Floriano Diretor administrativo e financeiro Sapucaia Jos\u00e9 Francisco Fontenele Seixas Diretor de obras, manuten\u00e7\u00e3o, amplia\u00e7\u00e3o e reformas Pitangueiras Edgar Alves [&hellip;]<\/p>\n","protected":false},"author":1,"featured_media":1402,"comment_status":"closed","ping_status":"closed","sticky":false,"template":"","format":"standard","meta":{"footnotes":""},"categories":[38],"tags":[],"class_list":["post-1401","post","type-post","status-publish","format-standard","has-post-thumbnail","hentry","category-condominio"],"yoast_head":"<!-- This site is optimized with the Yoast SEO plugin v27.4 - https:\/\/yoast.com\/product\/yoast-seo-wordpress\/ -->\n<title>Confira a nova lista da Diretoria da Apaso - Portal Parque dos Sonhos<\/title>\n<meta name=\"robots\" content=\"index, follow, max-snippet:-1, max-image-preview:large, max-video-preview:-1\" \/>\n<link rel=\"canonical\" href=\"https:\/\/parquedossonhos.net\/portal\/mais\/condominio\/diretoriaapaso\" \/>\n<meta property=\"og:locale\" content=\"pt_BR\" \/>\n<meta property=\"og:type\" content=\"article\" \/>\n<meta property=\"og:title\" content=\"Confira a nova lista da Diretoria da Apaso - Portal Parque dos Sonhos\" \/>\n<meta property=\"og:description\" content=\"COMUNICADO \u00a0LISTA DA NOVA DIRETORIA ELEITA DA APASO. De acordo com a Assembleia Geral Ordin\u00e1ria realizada em 14.05.2016 os candidatos eleitos s\u00e3o: Candidatos Eleitos Diretoria Condom\u00ednio Marcos Antonio Marcelino Presidente Manac\u00e1 Cleber Henrique dos Santos Floriano Diretor administrativo e financeiro Sapucaia Jos\u00e9 Francisco Fontenele Seixas Diretor de obras, manuten\u00e7\u00e3o, amplia\u00e7\u00e3o e reformas Pitangueiras Edgar Alves [&hellip;]\" \/>\n<meta property=\"og:url\" content=\"https:\/\/parquedossonhos.net\/portal\/mais\/condominio\/diretoriaapaso\" \/>\n<meta property=\"og:site_name\" content=\"Portal Parque dos Sonhos\" \/>\n<meta property=\"article:publisher\" content=\"http:\/\/www.facebook.com\/ParqueDosSonhos.net\" \/>\n<meta property=\"article:published_time\" content=\"2016-05-19T05:02:33+00:00\" \/>\n<meta property=\"article:modified_time\" content=\"2016-07-11T00:29:52+00:00\" \/>\n<meta property=\"og:image\" content=\"https:\/\/parquedossonhos.net\/portal\/wp-content\/uploads\/2016\/05\/comunicado.png\" \/>\n\t<meta property=\"og:image:width\" content=\"670\" \/>\n\t<meta property=\"og:image:height\" content=\"335\" \/>\n\t<meta property=\"og:image:type\" content=\"image\/png\" \/>\n<meta name=\"author\" content=\"PDS.Net\" \/>\n<meta name=\"twitter:label1\" content=\"Escrito por\" \/>\n\t<meta name=\"twitter:data1\" content=\"PDS.Net\" \/>\n\t<meta name=\"twitter:label2\" content=\"Est. tempo de leitura\" \/>\n\t<meta name=\"twitter:data2\" content=\"1 minuto\" \/>\n<script type=\"application\/ld+json\" class=\"yoast-schema-graph\">{\"@context\":\"https:\\\/\\\/schema.org\",\"@graph\":[{\"@type\":\"Article\",\"@id\":\"https:\\\/\\\/parquedossonhos.net\\\/portal\\\/mais\\\/condominio\\\/diretoriaapaso#article\",\"isPartOf\":{\"@id\":\"https:\\\/\\\/parquedossonhos.net\\\/portal\\\/mais\\\/condominio\\\/diretoriaapaso\"},\"author\":{\"name\":\"PDS.Net\",\"@id\":\"https:\\\/\\\/parquedossonhos.net\\\/portal\\\/#\\\/schema\\\/person\\\/c46050dd30931bcce1deff4cef214f35\"},\"headline\":\"Confira a nova lista da Diretoria da Apaso\",\"datePublished\":\"2016-05-19T05:02:33+00:00\",\"dateModified\":\"2016-07-11T00:29:52+00:00\",\"mainEntityOfPage\":{\"@id\":\"https:\\\/\\\/parquedossonhos.net\\\/portal\\\/mais\\\/condominio\\\/diretoriaapaso\"},\"wordCount\":226,\"publisher\":{\"@id\":\"https:\\\/\\\/parquedossonhos.net\\\/portal\\\/#organization\"},\"image\":{\"@id\":\"https:\\\/\\\/parquedossonhos.net\\\/portal\\\/mais\\\/condominio\\\/diretoriaapaso#primaryimage\"},\"thumbnailUrl\":\"https:\\\/\\\/parquedossonhos.net\\\/portal\\\/wp-content\\\/uploads\\\/2016\\\/05\\\/comunicado.png\",\"articleSection\":[\"Condom\u00ednio\"],\"inLanguage\":\"pt-BR\"},{\"@type\":\"WebPage\",\"@id\":\"https:\\\/\\\/parquedossonhos.net\\\/portal\\\/mais\\\/condominio\\\/diretoriaapaso\",\"url\":\"https:\\\/\\\/parquedossonhos.net\\\/portal\\\/mais\\\/condominio\\\/diretoriaapaso\",\"name\":\"Confira a nova lista da Diretoria da Apaso - Portal Parque dos Sonhos\",\"isPartOf\":{\"@id\":\"https:\\\/\\\/parquedossonhos.net\\\/portal\\\/#website\"},\"primaryImageOfPage\":{\"@id\":\"https:\\\/\\\/parquedossonhos.net\\\/portal\\\/mais\\\/condominio\\\/diretoriaapaso#primaryimage\"},\"image\":{\"@id\":\"https:\\\/\\\/parquedossonhos.net\\\/portal\\\/mais\\\/condominio\\\/diretoriaapaso#primaryimage\"},\"thumbnailUrl\":\"https:\\\/\\\/parquedossonhos.net\\\/portal\\\/wp-content\\\/uploads\\\/2016\\\/05\\\/comunicado.png\",\"datePublished\":\"2016-05-19T05:02:33+00:00\",\"dateModified\":\"2016-07-11T00:29:52+00:00\",\"breadcrumb\":{\"@id\":\"https:\\\/\\\/parquedossonhos.net\\\/portal\\\/mais\\\/condominio\\\/diretoriaapaso#breadcrumb\"},\"inLanguage\":\"pt-BR\",\"potentialAction\":[{\"@type\":\"ReadAction\",\"target\":[\"https:\\\/\\\/parquedossonhos.net\\\/portal\\\/mais\\\/condominio\\\/diretoriaapaso\"]}]},{\"@type\":\"ImageObject\",\"inLanguage\":\"pt-BR\",\"@id\":\"https:\\\/\\\/parquedossonhos.net\\\/portal\\\/mais\\\/condominio\\\/diretoriaapaso#primaryimage\",\"url\":\"https:\\\/\\\/parquedossonhos.net\\\/portal\\\/wp-content\\\/uploads\\\/2016\\\/05\\\/comunicado.png\",\"contentUrl\":\"https:\\\/\\\/parquedossonhos.net\\\/portal\\\/wp-content\\\/uploads\\\/2016\\\/05\\\/comunicado.png\",\"width\":670,\"height\":335},{\"@type\":\"BreadcrumbList\",\"@id\":\"https:\\\/\\\/parquedossonhos.net\\\/portal\\\/mais\\\/condominio\\\/diretoriaapaso#breadcrumb\",\"itemListElement\":[{\"@type\":\"ListItem\",\"position\":1,\"name\":\"In\u00edcio\",\"item\":\"https:\\\/\\\/parquedossonhos.net\\\/portal\\\/\"},{\"@type\":\"ListItem\",\"position\":2,\"name\":\"Confira a nova lista da Diretoria da Apaso\"}]},{\"@type\":\"WebSite\",\"@id\":\"https:\\\/\\\/parquedossonhos.net\\\/portal\\\/#website\",\"url\":\"https:\\\/\\\/parquedossonhos.net\\\/portal\\\/\",\"name\":\"Portal Parque dos Sonhos\",\"description\":\"Portal do Condom\u00ednio (Residencial) Parque dos Sonhos situado na rua Masato Sakai, 180 - Ferraz de Vasconcelos \u2013 SP\",\"publisher\":{\"@id\":\"https:\\\/\\\/parquedossonhos.net\\\/portal\\\/#organization\"},\"potentialAction\":[{\"@type\":\"SearchAction\",\"target\":{\"@type\":\"EntryPoint\",\"urlTemplate\":\"https:\\\/\\\/parquedossonhos.net\\\/portal\\\/?s={search_term_string}\"},\"query-input\":{\"@type\":\"PropertyValueSpecification\",\"valueRequired\":true,\"valueName\":\"search_term_string\"}}],\"inLanguage\":\"pt-BR\"},{\"@type\":\"Organization\",\"@id\":\"https:\\\/\\\/parquedossonhos.net\\\/portal\\\/#organization\",\"name\":\"Parque dos Sonhos\",\"url\":\"https:\\\/\\\/parquedossonhos.net\\\/portal\\\/\",\"logo\":{\"@type\":\"ImageObject\",\"inLanguage\":\"pt-BR\",\"@id\":\"https:\\\/\\\/parquedossonhos.net\\\/portal\\\/#\\\/schema\\\/logo\\\/image\\\/\",\"url\":\"http:\\\/\\\/parquedossonhos.net\\\/portal\\\/wp-content\\\/uploads\\\/2016\\\/09\\\/Abstract-Green-Tree-Vector-Illustration.jpg\",\"contentUrl\":\"http:\\\/\\\/parquedossonhos.net\\\/portal\\\/wp-content\\\/uploads\\\/2016\\\/09\\\/Abstract-Green-Tree-Vector-Illustration.jpg\",\"width\":794,\"height\":706,\"caption\":\"Parque dos Sonhos\"},\"image\":{\"@id\":\"https:\\\/\\\/parquedossonhos.net\\\/portal\\\/#\\\/schema\\\/logo\\\/image\\\/\"},\"sameAs\":[\"http:\\\/\\\/www.facebook.com\\\/ParqueDosSonhos.net\"]},{\"@type\":\"Person\",\"@id\":\"https:\\\/\\\/parquedossonhos.net\\\/portal\\\/#\\\/schema\\\/person\\\/c46050dd30931bcce1deff4cef214f35\",\"name\":\"PDS.Net\",\"image\":{\"@type\":\"ImageObject\",\"inLanguage\":\"pt-BR\",\"@id\":\"https:\\\/\\\/secure.gravatar.com\\\/avatar\\\/1ba43e6ad84d488263a02793b7a20e47a09e385a43b367dbafbc1172036acaf4?s=96&d=mm&r=g\",\"url\":\"https:\\\/\\\/secure.gravatar.com\\\/avatar\\\/1ba43e6ad84d488263a02793b7a20e47a09e385a43b367dbafbc1172036acaf4?s=96&d=mm&r=g\",\"contentUrl\":\"https:\\\/\\\/secure.gravatar.com\\\/avatar\\\/1ba43e6ad84d488263a02793b7a20e47a09e385a43b367dbafbc1172036acaf4?s=96&d=mm&r=g\",\"caption\":\"PDS.Net\"},\"url\":\"https:\\\/\\\/parquedossonhos.net\\\/portal\\\/author\\\/rneves\"}]}<\/script>\n<!-- \/ Yoast SEO plugin. -->","yoast_head_json":{"title":"Confira a nova lista da Diretoria da Apaso - Portal Parque dos Sonhos","robots":{"index":"index","follow":"follow","max-snippet":"max-snippet:-1","max-image-preview":"max-image-preview:large","max-video-preview":"max-video-preview:-1"},"canonical":"https:\/\/parquedossonhos.net\/portal\/mais\/condominio\/diretoriaapaso","og_locale":"pt_BR","og_type":"article","og_title":"Confira a nova lista da Diretoria da Apaso - Portal Parque dos Sonhos","og_description":"COMUNICADO \u00a0LISTA DA NOVA DIRETORIA ELEITA DA APASO. De acordo com a Assembleia Geral Ordin\u00e1ria realizada em 14.05.2016 os candidatos eleitos s\u00e3o: Candidatos Eleitos Diretoria Condom\u00ednio Marcos Antonio Marcelino Presidente Manac\u00e1 Cleber Henrique dos Santos Floriano Diretor administrativo e financeiro Sapucaia Jos\u00e9 Francisco Fontenele Seixas Diretor de obras, manuten\u00e7\u00e3o, amplia\u00e7\u00e3o e reformas Pitangueiras Edgar Alves [&hellip;]","og_url":"https:\/\/parquedossonhos.net\/portal\/mais\/condominio\/diretoriaapaso","og_site_name":"Portal Parque dos Sonhos","article_publisher":"http:\/\/www.facebook.com\/ParqueDosSonhos.net","article_published_time":"2016-05-19T05:02:33+00:00","article_modified_time":"2016-07-11T00:29:52+00:00","og_image":[{"width":670,"height":335,"url":"https:\/\/parquedossonhos.net\/portal\/wp-content\/uploads\/2016\/05\/comunicado.png","type":"image\/png"}],"author":"PDS.Net","twitter_misc":{"Escrito por":"PDS.Net","Est. tempo de leitura":"1 minuto"},"schema":{"@context":"https:\/\/schema.org","@graph":[{"@type":"Article","@id":"https:\/\/parquedossonhos.net\/portal\/mais\/condominio\/diretoriaapaso#article","isPartOf":{"@id":"https:\/\/parquedossonhos.net\/portal\/mais\/condominio\/diretoriaapaso"},"author":{"name":"PDS.Net","@id":"https:\/\/parquedossonhos.net\/portal\/#\/schema\/person\/c46050dd30931bcce1deff4cef214f35"},"headline":"Confira a nova lista da Diretoria da Apaso","datePublished":"2016-05-19T05:02:33+00:00","dateModified":"2016-07-11T00:29:52+00:00","mainEntityOfPage":{"@id":"https:\/\/parquedossonhos.net\/portal\/mais\/condominio\/diretoriaapaso"},"wordCount":226,"publisher":{"@id":"https:\/\/parquedossonhos.net\/portal\/#organization"},"image":{"@id":"https:\/\/parquedossonhos.net\/portal\/mais\/condominio\/diretoriaapaso#primaryimage"},"thumbnailUrl":"https:\/\/parquedossonhos.net\/portal\/wp-content\/uploads\/2016\/05\/comunicado.png","articleSection":["Condom\u00ednio"],"inLanguage":"pt-BR"},{"@type":"WebPage","@id":"https:\/\/parquedossonhos.net\/portal\/mais\/condominio\/diretoriaapaso","url":"https:\/\/parquedossonhos.net\/portal\/mais\/condominio\/diretoriaapaso","name":"Confira a nova lista da Diretoria da Apaso - Portal Parque dos Sonhos","isPartOf":{"@id":"https:\/\/parquedossonhos.net\/portal\/#website"},"primaryImageOfPage":{"@id":"https:\/\/parquedossonhos.net\/portal\/mais\/condominio\/diretoriaapaso#primaryimage"},"image":{"@id":"https:\/\/parquedossonhos.net\/portal\/mais\/condominio\/diretoriaapaso#primaryimage"},"thumbnailUrl":"https:\/\/parquedossonhos.net\/portal\/wp-content\/uploads\/2016\/05\/comunicado.png","datePublished":"2016-05-19T05:02:33+00:00","dateModified":"2016-07-11T00:29:52+00:00","breadcrumb":{"@id":"https:\/\/parquedossonhos.net\/portal\/mais\/condominio\/diretoriaapaso#breadcrumb"},"inLanguage":"pt-BR","potentialAction":[{"@type":"ReadAction","target":["https:\/\/parquedossonhos.net\/portal\/mais\/condominio\/diretoriaapaso"]}]},{"@type":"ImageObject","inLanguage":"pt-BR","@id":"https:\/\/parquedossonhos.net\/portal\/mais\/condominio\/diretoriaapaso#primaryimage","url":"https:\/\/parquedossonhos.net\/portal\/wp-content\/uploads\/2016\/05\/comunicado.png","contentUrl":"https:\/\/parquedossonhos.net\/portal\/wp-content\/uploads\/2016\/05\/comunicado.png","width":670,"height":335},{"@type":"BreadcrumbList","@id":"https:\/\/parquedossonhos.net\/portal\/mais\/condominio\/diretoriaapaso#breadcrumb","itemListElement":[{"@type":"ListItem","position":1,"name":"In\u00edcio","item":"https:\/\/parquedossonhos.net\/portal\/"},{"@type":"ListItem","position":2,"name":"Confira a nova lista da Diretoria da Apaso"}]},{"@type":"WebSite","@id":"https:\/\/parquedossonhos.net\/portal\/#website","url":"https:\/\/parquedossonhos.net\/portal\/","name":"Portal Parque dos Sonhos","description":"Portal do Condom\u00ednio (Residencial) Parque dos Sonhos situado na rua Masato Sakai, 180 - Ferraz de Vasconcelos \u2013 SP","publisher":{"@id":"https:\/\/parquedossonhos.net\/portal\/#organization"},"potentialAction":[{"@type":"SearchAction","target":{"@type":"EntryPoint","urlTemplate":"https:\/\/parquedossonhos.net\/portal\/?s={search_term_string}"},"query-input":{"@type":"PropertyValueSpecification","valueRequired":true,"valueName":"search_term_string"}}],"inLanguage":"pt-BR"},{"@type":"Organization","@id":"https:\/\/parquedossonhos.net\/portal\/#organization","name":"Parque dos Sonhos","url":"https:\/\/parquedossonhos.net\/portal\/","logo":{"@type":"ImageObject","inLanguage":"pt-BR","@id":"https:\/\/parquedossonhos.net\/portal\/#\/schema\/logo\/image\/","url":"http:\/\/parquedossonhos.net\/portal\/wp-content\/uploads\/2016\/09\/Abstract-Green-Tree-Vector-Illustration.jpg","contentUrl":"http:\/\/parquedossonhos.net\/portal\/wp-content\/uploads\/2016\/09\/Abstract-Green-Tree-Vector-Illustration.jpg","width":794,"height":706,"caption":"Parque dos Sonhos"},"image":{"@id":"https:\/\/parquedossonhos.net\/portal\/#\/schema\/logo\/image\/"},"sameAs":["http:\/\/www.facebook.com\/ParqueDosSonhos.net"]},{"@type":"Person","@id":"https:\/\/parquedossonhos.net\/portal\/#\/schema\/person\/c46050dd30931bcce1deff4cef214f35","name":"PDS.Net","image":{"@type":"ImageObject","inLanguage":"pt-BR","@id":"https:\/\/secure.gravatar.com\/avatar\/1ba43e6ad84d488263a02793b7a20e47a09e385a43b367dbafbc1172036acaf4?s=96&d=mm&r=g","url":"https:\/\/secure.gravatar.com\/avatar\/1ba43e6ad84d488263a02793b7a20e47a09e385a43b367dbafbc1172036acaf4?s=96&d=mm&r=g","contentUrl":"https:\/\/secure.gravatar.com\/avatar\/1ba43e6ad84d488263a02793b7a20e47a09e385a43b367dbafbc1172036acaf4?s=96&d=mm&r=g","caption":"PDS.Net"},"url":"https:\/\/parquedossonhos.net\/portal\/author\/rneves"}]}},"_links":{"self":[{"href":"https:\/\/parquedossonhos.net\/portal\/wp-json\/wp\/v2\/posts\/1401","targetHints":{"allow":["GET"]}}],"collection":[{"href":"https:\/\/parquedossonhos.net\/portal\/wp-json\/wp\/v2\/posts"}],"about":[{"href":"https:\/\/parquedossonhos.net\/portal\/wp-json\/wp\/v2\/types\/post"}],"author":[{"embeddable":true,"href":"https:\/\/parquedossonhos.net\/portal\/wp-json\/wp\/v2\/users\/1"}],"replies":[{"embeddable":true,"href":"https:\/\/parquedossonhos.net\/portal\/wp-json\/wp\/v2\/comments?post=1401"}],"version-history":[{"count":1,"href":"https:\/\/parquedossonhos.net\/portal\/wp-json\/wp\/v2\/posts\/1401\/revisions"}],"predecessor-version":[{"id":1406,"href":"https:\/\/parquedossonhos.net\/portal\/wp-json\/wp\/v2\/posts\/1401\/revisions\/1406"}],"wp:featuredmedia":[{"embeddable":true,"href":"https:\/\/parquedossonhos.net\/portal\/wp-json\/wp\/v2\/media\/1402"}],"wp:attachment":[{"href":"https:\/\/parquedossonhos.net\/portal\/wp-json\/wp\/v2\/media?parent=1401"}],"wp:term":[{"taxonomy":"category","embeddable":true,"href":"https:\/\/parquedossonhos.net\/portal\/wp-json\/wp\/v2\/categories?post=1401"},{"taxonomy":"post_tag","embeddable":true,"href":"https:\/\/parquedossonhos.net\/portal\/wp-json\/wp\/v2\/tags?post=1401"}],"curies":[{"name":"wp","href":"https:\/\/api.w.org\/{rel}","templated":true}]}}