{"id":1294,"date":"2015-07-05T19:25:47","date_gmt":"2015-07-05T19:25:47","guid":{"rendered":"http:\/\/parquedossonhos.net\/portal\/?p=1294"},"modified":"2015-07-13T19:56:35","modified_gmt":"2015-07-13T19:56:35","slug":"2o-arraia-2015-do-parque-dos-sonhos","status":"publish","type":"post","link":"https:\/\/parquedossonhos.net\/portal\/uncategorized\/2o-arraia-2015-do-parque-dos-sonhos","title":{"rendered":"Vem a\u00ed&#8230; 2\u00ba Arrai\u00e1 de 2015 do Parque dos Sonhos"},"content":{"rendered":"<p><a href=\"http:\/\/parquedossonhos.net\/portal\/wp-content\/uploads\/2015\/06\/arraial-pds-2015-5.jpg\"><img loading=\"lazy\" decoding=\"async\" class=\"  wp-image-1251 size-large alignnone\" src=\"http:\/\/parquedossonhos.net\/portal\/wp-content\/uploads\/2015\/06\/arraial-pds-2015-5-1024x680.jpg\" alt=\"arraial-pds-2015 (5)\" width=\"700\" height=\"465\" srcset=\"https:\/\/parquedossonhos.net\/portal\/wp-content\/uploads\/2015\/06\/arraial-pds-2015-5-1024x680.jpg 1024w, https:\/\/parquedossonhos.net\/portal\/wp-content\/uploads\/2015\/06\/arraial-pds-2015-5-300x199.jpg 300w, https:\/\/parquedossonhos.net\/portal\/wp-content\/uploads\/2015\/06\/arraial-pds-2015-5-700x465.jpg 700w, https:\/\/parquedossonhos.net\/portal\/wp-content\/uploads\/2015\/06\/arraial-pds-2015-5-100x65.jpg 100w, https:\/\/parquedossonhos.net\/portal\/wp-content\/uploads\/2015\/06\/arraial-pds-2015-5-538x357.jpg 538w, https:\/\/parquedossonhos.net\/portal\/wp-content\/uploads\/2015\/06\/arraial-pds-2015-5-727x483.jpg 727w, https:\/\/parquedossonhos.net\/portal\/wp-content\/uploads\/2015\/06\/arraial-pds-2015-5.jpg 1072w\" sizes=\"auto, (max-width: 700px) 100vw, 700px\" \/><\/a><\/p>\n<p>Ap\u00f3s o grande sucesso do Arrai\u00e1 realizado pelos moradores em Junho de 2015, o Parque dos Sonhos ter\u00e1 o 2\u00ba Arrai\u00e1 de 2015 nos dias 10, 11 e 12 de Julho\/2015.<\/p>\n<p>Como em toda festa, \u00a0os moradores se organizaram e ir\u00e3o vender os melhores bolos, tortas, pizzas, past\u00e9is, churrasco, doces, bebidas e muitos mais!!!<\/p>\n<p>N\u00e3o percam este grande evento que \u00e9 100% Fam\u00edlia.<\/p>\n<p>Data: \u00a010, 11\u00a0e 12 de Julho\/2015<\/p>\n<p>Hor\u00e1rio: das\u00a018h \u00e0s 23h<\/p>\n<p>Local: Campo de Fubebol do Clube da Apaso<\/p>\n<p>&nbsp;<\/p>\n","protected":false},"excerpt":{"rendered":"<p>Ap\u00f3s o grande sucesso do Arrai\u00e1 realizado pelos moradores em Junho de 2015, o Parque dos Sonhos ter\u00e1 o 2\u00ba Arrai\u00e1 de 2015 nos dias 10, 11 e 12 de Julho\/2015. Como em toda festa, \u00a0os moradores se organizaram e ir\u00e3o vender os melhores bolos, tortas, pizzas, past\u00e9is, churrasco, doces, bebidas e muitos mais!!! N\u00e3o [&hellip;]<\/p>\n","protected":false},"author":1,"featured_media":1301,"comment_status":"closed","ping_status":"closed","sticky":false,"template":"","format":"standard","meta":{"footnotes":""},"categories":[1],"tags":[],"class_list":["post-1294","post","type-post","status-publish","format-standard","has-post-thumbnail","hentry","category-uncategorized"],"yoast_head":"<!-- This site is optimized with the Yoast SEO plugin v27.4 - https:\/\/yoast.com\/product\/yoast-seo-wordpress\/ -->\n<title>Vem a\u00ed... 2\u00ba Arrai\u00e1 do Parque dos Sonhos<\/title>\n<meta name=\"description\" content=\"Ap\u00f3s o grande sucesso do Arrai\u00e1 realizado pelos moradores em Junho de 2015, o Parque dos Sonhos ter\u00e1 o 2\u00ba Arrai\u00e1 nos dias 10, 11 e 12 de Julho\/2015.\" \/>\n<meta name=\"robots\" content=\"index, follow, max-snippet:-1, max-image-preview:large, max-video-preview:-1\" \/>\n<link rel=\"canonical\" href=\"https:\/\/parquedossonhos.net\/portal\/uncategorized\/2o-arraia-2015-do-parque-dos-sonhos\" \/>\n<meta property=\"og:locale\" content=\"pt_BR\" \/>\n<meta property=\"og:type\" content=\"article\" \/>\n<meta property=\"og:title\" content=\"Vem a\u00ed... 2\u00ba Arrai\u00e1 de 2015 do Parque dos Sonhos\" \/>\n<meta property=\"og:description\" content=\"Ap\u00f3s o grande sucesso do Arrai\u00e1 realizado pelos moradores em Junho de 2015, o Parque dos Sonhos ter\u00e1 o 2\u00ba Arrai\u00e1 nos dias 10, 11 e 12 de Julho\/2015.\" \/>\n<meta property=\"og:url\" content=\"https:\/\/parquedossonhos.net\/portal\/uncategorized\/2o-arraia-2015-do-parque-dos-sonhos\" \/>\n<meta property=\"og:site_name\" content=\"Portal Parque dos Sonhos\" \/>\n<meta property=\"article:publisher\" content=\"http:\/\/www.facebook.com\/ParqueDosSonhos.net\" \/>\n<meta property=\"article:published_time\" content=\"2015-07-05T19:25:47+00:00\" \/>\n<meta property=\"article:modified_time\" content=\"2015-07-13T19:56:35+00:00\" \/>\n<meta property=\"og:image\" content=\"https:\/\/parquedossonhos.net\/portal\/wp-content\/uploads\/2015\/07\/2Arraial_v4.fw_.png\" \/>\n\t<meta property=\"og:image:width\" content=\"640\" \/>\n\t<meta property=\"og:image:height\" content=\"360\" \/>\n\t<meta property=\"og:image:type\" content=\"image\/png\" \/>\n<meta name=\"author\" content=\"PDS.Net\" \/>\n<meta name=\"twitter:label1\" content=\"Escrito por\" \/>\n\t<meta name=\"twitter:data1\" content=\"PDS.Net\" \/>\n<script type=\"application\/ld+json\" class=\"yoast-schema-graph\">{\"@context\":\"https:\\\/\\\/schema.org\",\"@graph\":[{\"@type\":\"Article\",\"@id\":\"https:\\\/\\\/parquedossonhos.net\\\/portal\\\/uncategorized\\\/2o-arraia-2015-do-parque-dos-sonhos#article\",\"isPartOf\":{\"@id\":\"https:\\\/\\\/parquedossonhos.net\\\/portal\\\/uncategorized\\\/2o-arraia-2015-do-parque-dos-sonhos\"},\"author\":{\"name\":\"PDS.Net\",\"@id\":\"https:\\\/\\\/parquedossonhos.net\\\/portal\\\/#\\\/schema\\\/person\\\/c46050dd30931bcce1deff4cef214f35\"},\"headline\":\"Vem a\u00ed&#8230; 2\u00ba Arrai\u00e1 de 2015 do Parque dos Sonhos\",\"datePublished\":\"2015-07-05T19:25:47+00:00\",\"dateModified\":\"2015-07-13T19:56:35+00:00\",\"mainEntityOfPage\":{\"@id\":\"https:\\\/\\\/parquedossonhos.net\\\/portal\\\/uncategorized\\\/2o-arraia-2015-do-parque-dos-sonhos\"},\"wordCount\":87,\"publisher\":{\"@id\":\"https:\\\/\\\/parquedossonhos.net\\\/portal\\\/#organization\"},\"image\":{\"@id\":\"https:\\\/\\\/parquedossonhos.net\\\/portal\\\/uncategorized\\\/2o-arraia-2015-do-parque-dos-sonhos#primaryimage\"},\"thumbnailUrl\":\"https:\\\/\\\/parquedossonhos.net\\\/portal\\\/wp-content\\\/uploads\\\/2015\\\/07\\\/2Arraial_v4.fw_.png\",\"articleSection\":[\"Uncategorized\"],\"inLanguage\":\"pt-BR\"},{\"@type\":\"WebPage\",\"@id\":\"https:\\\/\\\/parquedossonhos.net\\\/portal\\\/uncategorized\\\/2o-arraia-2015-do-parque-dos-sonhos\",\"url\":\"https:\\\/\\\/parquedossonhos.net\\\/portal\\\/uncategorized\\\/2o-arraia-2015-do-parque-dos-sonhos\",\"name\":\"Vem a\u00ed... 2\u00ba Arrai\u00e1 do Parque dos Sonhos\",\"isPartOf\":{\"@id\":\"https:\\\/\\\/parquedossonhos.net\\\/portal\\\/#website\"},\"primaryImageOfPage\":{\"@id\":\"https:\\\/\\\/parquedossonhos.net\\\/portal\\\/uncategorized\\\/2o-arraia-2015-do-parque-dos-sonhos#primaryimage\"},\"image\":{\"@id\":\"https:\\\/\\\/parquedossonhos.net\\\/portal\\\/uncategorized\\\/2o-arraia-2015-do-parque-dos-sonhos#primaryimage\"},\"thumbnailUrl\":\"https:\\\/\\\/parquedossonhos.net\\\/portal\\\/wp-content\\\/uploads\\\/2015\\\/07\\\/2Arraial_v4.fw_.png\",\"datePublished\":\"2015-07-05T19:25:47+00:00\",\"dateModified\":\"2015-07-13T19:56:35+00:00\",\"description\":\"Ap\u00f3s o grande sucesso do Arrai\u00e1 realizado pelos moradores em Junho de 2015, o Parque dos Sonhos ter\u00e1 o 2\u00ba Arrai\u00e1 nos dias 10, 11 e 12 de Julho\\\/2015.\",\"breadcrumb\":{\"@id\":\"https:\\\/\\\/parquedossonhos.net\\\/portal\\\/uncategorized\\\/2o-arraia-2015-do-parque-dos-sonhos#breadcrumb\"},\"inLanguage\":\"pt-BR\",\"potentialAction\":[{\"@type\":\"ReadAction\",\"target\":[\"https:\\\/\\\/parquedossonhos.net\\\/portal\\\/uncategorized\\\/2o-arraia-2015-do-parque-dos-sonhos\"]}]},{\"@type\":\"ImageObject\",\"inLanguage\":\"pt-BR\",\"@id\":\"https:\\\/\\\/parquedossonhos.net\\\/portal\\\/uncategorized\\\/2o-arraia-2015-do-parque-dos-sonhos#primaryimage\",\"url\":\"https:\\\/\\\/parquedossonhos.net\\\/portal\\\/wp-content\\\/uploads\\\/2015\\\/07\\\/2Arraial_v4.fw_.png\",\"contentUrl\":\"https:\\\/\\\/parquedossonhos.net\\\/portal\\\/wp-content\\\/uploads\\\/2015\\\/07\\\/2Arraial_v4.fw_.png\",\"width\":960,\"height\":540},{\"@type\":\"BreadcrumbList\",\"@id\":\"https:\\\/\\\/parquedossonhos.net\\\/portal\\\/uncategorized\\\/2o-arraia-2015-do-parque-dos-sonhos#breadcrumb\",\"itemListElement\":[{\"@type\":\"ListItem\",\"position\":1,\"name\":\"In\u00edcio\",\"item\":\"https:\\\/\\\/parquedossonhos.net\\\/portal\\\/\"},{\"@type\":\"ListItem\",\"position\":2,\"name\":\"Vem a\u00ed&#8230; 2\u00ba Arrai\u00e1 de 2015 do Parque dos Sonhos\"}]},{\"@type\":\"WebSite\",\"@id\":\"https:\\\/\\\/parquedossonhos.net\\\/portal\\\/#website\",\"url\":\"https:\\\/\\\/parquedossonhos.net\\\/portal\\\/\",\"name\":\"Portal Parque dos Sonhos\",\"description\":\"Portal do Condom\u00ednio (Residencial) Parque dos Sonhos situado na rua Masato Sakai, 180 - Ferraz de Vasconcelos \u2013 SP\",\"publisher\":{\"@id\":\"https:\\\/\\\/parquedossonhos.net\\\/portal\\\/#organization\"},\"potentialAction\":[{\"@type\":\"SearchAction\",\"target\":{\"@type\":\"EntryPoint\",\"urlTemplate\":\"https:\\\/\\\/parquedossonhos.net\\\/portal\\\/?s={search_term_string}\"},\"query-input\":{\"@type\":\"PropertyValueSpecification\",\"valueRequired\":true,\"valueName\":\"search_term_string\"}}],\"inLanguage\":\"pt-BR\"},{\"@type\":\"Organization\",\"@id\":\"https:\\\/\\\/parquedossonhos.net\\\/portal\\\/#organization\",\"name\":\"Parque dos Sonhos\",\"url\":\"https:\\\/\\\/parquedossonhos.net\\\/portal\\\/\",\"logo\":{\"@type\":\"ImageObject\",\"inLanguage\":\"pt-BR\",\"@id\":\"https:\\\/\\\/parquedossonhos.net\\\/portal\\\/#\\\/schema\\\/logo\\\/image\\\/\",\"url\":\"http:\\\/\\\/parquedossonhos.net\\\/portal\\\/wp-content\\\/uploads\\\/2016\\\/09\\\/Abstract-Green-Tree-Vector-Illustration.jpg\",\"contentUrl\":\"http:\\\/\\\/parquedossonhos.net\\\/portal\\\/wp-content\\\/uploads\\\/2016\\\/09\\\/Abstract-Green-Tree-Vector-Illustration.jpg\",\"width\":794,\"height\":706,\"caption\":\"Parque dos Sonhos\"},\"image\":{\"@id\":\"https:\\\/\\\/parquedossonhos.net\\\/portal\\\/#\\\/schema\\\/logo\\\/image\\\/\"},\"sameAs\":[\"http:\\\/\\\/www.facebook.com\\\/ParqueDosSonhos.net\"]},{\"@type\":\"Person\",\"@id\":\"https:\\\/\\\/parquedossonhos.net\\\/portal\\\/#\\\/schema\\\/person\\\/c46050dd30931bcce1deff4cef214f35\",\"name\":\"PDS.Net\",\"image\":{\"@type\":\"ImageObject\",\"inLanguage\":\"pt-BR\",\"@id\":\"https:\\\/\\\/secure.gravatar.com\\\/avatar\\\/1ba43e6ad84d488263a02793b7a20e47a09e385a43b367dbafbc1172036acaf4?s=96&d=mm&r=g\",\"url\":\"https:\\\/\\\/secure.gravatar.com\\\/avatar\\\/1ba43e6ad84d488263a02793b7a20e47a09e385a43b367dbafbc1172036acaf4?s=96&d=mm&r=g\",\"contentUrl\":\"https:\\\/\\\/secure.gravatar.com\\\/avatar\\\/1ba43e6ad84d488263a02793b7a20e47a09e385a43b367dbafbc1172036acaf4?s=96&d=mm&r=g\",\"caption\":\"PDS.Net\"},\"url\":\"https:\\\/\\\/parquedossonhos.net\\\/portal\\\/author\\\/rneves\"}]}<\/script>\n<!-- \/ Yoast SEO plugin. -->","yoast_head_json":{"title":"Vem a\u00ed... 2\u00ba Arrai\u00e1 do Parque dos Sonhos","description":"Ap\u00f3s o grande sucesso do Arrai\u00e1 realizado pelos moradores em Junho de 2015, o Parque dos Sonhos ter\u00e1 o 2\u00ba Arrai\u00e1 nos dias 10, 11 e 12 de Julho\/2015.","robots":{"index":"index","follow":"follow","max-snippet":"max-snippet:-1","max-image-preview":"max-image-preview:large","max-video-preview":"max-video-preview:-1"},"canonical":"https:\/\/parquedossonhos.net\/portal\/uncategorized\/2o-arraia-2015-do-parque-dos-sonhos","og_locale":"pt_BR","og_type":"article","og_title":"Vem a\u00ed... 2\u00ba Arrai\u00e1 de 2015 do Parque dos Sonhos","og_description":"Ap\u00f3s o grande sucesso do Arrai\u00e1 realizado pelos moradores em Junho de 2015, o Parque dos Sonhos ter\u00e1 o 2\u00ba Arrai\u00e1 nos dias 10, 11 e 12 de Julho\/2015.","og_url":"https:\/\/parquedossonhos.net\/portal\/uncategorized\/2o-arraia-2015-do-parque-dos-sonhos","og_site_name":"Portal Parque dos Sonhos","article_publisher":"http:\/\/www.facebook.com\/ParqueDosSonhos.net","article_published_time":"2015-07-05T19:25:47+00:00","article_modified_time":"2015-07-13T19:56:35+00:00","og_image":[{"url":"https:\/\/parquedossonhos.net\/portal\/wp-content\/uploads\/2015\/07\/2Arraial_v4.fw_.png","width":640,"height":360,"type":"image\/png"}],"author":"PDS.Net","twitter_misc":{"Escrito por":"PDS.Net"},"schema":{"@context":"https:\/\/schema.org","@graph":[{"@type":"Article","@id":"https:\/\/parquedossonhos.net\/portal\/uncategorized\/2o-arraia-2015-do-parque-dos-sonhos#article","isPartOf":{"@id":"https:\/\/parquedossonhos.net\/portal\/uncategorized\/2o-arraia-2015-do-parque-dos-sonhos"},"author":{"name":"PDS.Net","@id":"https:\/\/parquedossonhos.net\/portal\/#\/schema\/person\/c46050dd30931bcce1deff4cef214f35"},"headline":"Vem a\u00ed&#8230; 2\u00ba Arrai\u00e1 de 2015 do Parque dos Sonhos","datePublished":"2015-07-05T19:25:47+00:00","dateModified":"2015-07-13T19:56:35+00:00","mainEntityOfPage":{"@id":"https:\/\/parquedossonhos.net\/portal\/uncategorized\/2o-arraia-2015-do-parque-dos-sonhos"},"wordCount":87,"publisher":{"@id":"https:\/\/parquedossonhos.net\/portal\/#organization"},"image":{"@id":"https:\/\/parquedossonhos.net\/portal\/uncategorized\/2o-arraia-2015-do-parque-dos-sonhos#primaryimage"},"thumbnailUrl":"https:\/\/parquedossonhos.net\/portal\/wp-content\/uploads\/2015\/07\/2Arraial_v4.fw_.png","articleSection":["Uncategorized"],"inLanguage":"pt-BR"},{"@type":"WebPage","@id":"https:\/\/parquedossonhos.net\/portal\/uncategorized\/2o-arraia-2015-do-parque-dos-sonhos","url":"https:\/\/parquedossonhos.net\/portal\/uncategorized\/2o-arraia-2015-do-parque-dos-sonhos","name":"Vem a\u00ed... 2\u00ba Arrai\u00e1 do Parque dos Sonhos","isPartOf":{"@id":"https:\/\/parquedossonhos.net\/portal\/#website"},"primaryImageOfPage":{"@id":"https:\/\/parquedossonhos.net\/portal\/uncategorized\/2o-arraia-2015-do-parque-dos-sonhos#primaryimage"},"image":{"@id":"https:\/\/parquedossonhos.net\/portal\/uncategorized\/2o-arraia-2015-do-parque-dos-sonhos#primaryimage"},"thumbnailUrl":"https:\/\/parquedossonhos.net\/portal\/wp-content\/uploads\/2015\/07\/2Arraial_v4.fw_.png","datePublished":"2015-07-05T19:25:47+00:00","dateModified":"2015-07-13T19:56:35+00:00","description":"Ap\u00f3s o grande sucesso do Arrai\u00e1 realizado pelos moradores em Junho de 2015, o Parque dos Sonhos ter\u00e1 o 2\u00ba Arrai\u00e1 nos dias 10, 11 e 12 de Julho\/2015.","breadcrumb":{"@id":"https:\/\/parquedossonhos.net\/portal\/uncategorized\/2o-arraia-2015-do-parque-dos-sonhos#breadcrumb"},"inLanguage":"pt-BR","potentialAction":[{"@type":"ReadAction","target":["https:\/\/parquedossonhos.net\/portal\/uncategorized\/2o-arraia-2015-do-parque-dos-sonhos"]}]},{"@type":"ImageObject","inLanguage":"pt-BR","@id":"https:\/\/parquedossonhos.net\/portal\/uncategorized\/2o-arraia-2015-do-parque-dos-sonhos#primaryimage","url":"https:\/\/parquedossonhos.net\/portal\/wp-content\/uploads\/2015\/07\/2Arraial_v4.fw_.png","contentUrl":"https:\/\/parquedossonhos.net\/portal\/wp-content\/uploads\/2015\/07\/2Arraial_v4.fw_.png","width":960,"height":540},{"@type":"BreadcrumbList","@id":"https:\/\/parquedossonhos.net\/portal\/uncategorized\/2o-arraia-2015-do-parque-dos-sonhos#breadcrumb","itemListElement":[{"@type":"ListItem","position":1,"name":"In\u00edcio","item":"https:\/\/parquedossonhos.net\/portal\/"},{"@type":"ListItem","position":2,"name":"Vem a\u00ed&#8230; 2\u00ba Arrai\u00e1 de 2015 do Parque dos Sonhos"}]},{"@type":"WebSite","@id":"https:\/\/parquedossonhos.net\/portal\/#website","url":"https:\/\/parquedossonhos.net\/portal\/","name":"Portal Parque dos Sonhos","description":"Portal do Condom\u00ednio (Residencial) Parque dos Sonhos situado na rua Masato Sakai, 180 - Ferraz de Vasconcelos \u2013 SP","publisher":{"@id":"https:\/\/parquedossonhos.net\/portal\/#organization"},"potentialAction":[{"@type":"SearchAction","target":{"@type":"EntryPoint","urlTemplate":"https:\/\/parquedossonhos.net\/portal\/?s={search_term_string}"},"query-input":{"@type":"PropertyValueSpecification","valueRequired":true,"valueName":"search_term_string"}}],"inLanguage":"pt-BR"},{"@type":"Organization","@id":"https:\/\/parquedossonhos.net\/portal\/#organization","name":"Parque dos Sonhos","url":"https:\/\/parquedossonhos.net\/portal\/","logo":{"@type":"ImageObject","inLanguage":"pt-BR","@id":"https:\/\/parquedossonhos.net\/portal\/#\/schema\/logo\/image\/","url":"http:\/\/parquedossonhos.net\/portal\/wp-content\/uploads\/2016\/09\/Abstract-Green-Tree-Vector-Illustration.jpg","contentUrl":"http:\/\/parquedossonhos.net\/portal\/wp-content\/uploads\/2016\/09\/Abstract-Green-Tree-Vector-Illustration.jpg","width":794,"height":706,"caption":"Parque dos Sonhos"},"image":{"@id":"https:\/\/parquedossonhos.net\/portal\/#\/schema\/logo\/image\/"},"sameAs":["http:\/\/www.facebook.com\/ParqueDosSonhos.net"]},{"@type":"Person","@id":"https:\/\/parquedossonhos.net\/portal\/#\/schema\/person\/c46050dd30931bcce1deff4cef214f35","name":"PDS.Net","image":{"@type":"ImageObject","inLanguage":"pt-BR","@id":"https:\/\/secure.gravatar.com\/avatar\/1ba43e6ad84d488263a02793b7a20e47a09e385a43b367dbafbc1172036acaf4?s=96&d=mm&r=g","url":"https:\/\/secure.gravatar.com\/avatar\/1ba43e6ad84d488263a02793b7a20e47a09e385a43b367dbafbc1172036acaf4?s=96&d=mm&r=g","contentUrl":"https:\/\/secure.gravatar.com\/avatar\/1ba43e6ad84d488263a02793b7a20e47a09e385a43b367dbafbc1172036acaf4?s=96&d=mm&r=g","caption":"PDS.Net"},"url":"https:\/\/parquedossonhos.net\/portal\/author\/rneves"}]}},"_links":{"self":[{"href":"https:\/\/parquedossonhos.net\/portal\/wp-json\/wp\/v2\/posts\/1294","targetHints":{"allow":["GET"]}}],"collection":[{"href":"https:\/\/parquedossonhos.net\/portal\/wp-json\/wp\/v2\/posts"}],"about":[{"href":"https:\/\/parquedossonhos.net\/portal\/wp-json\/wp\/v2\/types\/post"}],"author":[{"embeddable":true,"href":"https:\/\/parquedossonhos.net\/portal\/wp-json\/wp\/v2\/users\/1"}],"replies":[{"embeddable":true,"href":"https:\/\/parquedossonhos.net\/portal\/wp-json\/wp\/v2\/comments?post=1294"}],"version-history":[{"count":1,"href":"https:\/\/parquedossonhos.net\/portal\/wp-json\/wp\/v2\/posts\/1294\/revisions"}],"predecessor-version":[{"id":1300,"href":"https:\/\/parquedossonhos.net\/portal\/wp-json\/wp\/v2\/posts\/1294\/revisions\/1300"}],"wp:featuredmedia":[{"embeddable":true,"href":"https:\/\/parquedossonhos.net\/portal\/wp-json\/wp\/v2\/media\/1301"}],"wp:attachment":[{"href":"https:\/\/parquedossonhos.net\/portal\/wp-json\/wp\/v2\/media?parent=1294"}],"wp:term":[{"taxonomy":"category","embeddable":true,"href":"https:\/\/parquedossonhos.net\/portal\/wp-json\/wp\/v2\/categories?post=1294"},{"taxonomy":"post_tag","embeddable":true,"href":"https:\/\/parquedossonhos.net\/portal\/wp-json\/wp\/v2\/tags?post=1294"}],"curies":[{"name":"wp","href":"https:\/\/api.w.org\/{rel}","templated":true}]}}